{"id":144025,"date":"2025-10-01T11:33:50","date_gmt":"2025-10-01T14:33:50","guid":{"rendered":"https:\/\/eldiariodesanpedro.com.ar\/sitio\/?p=144025"},"modified":"2025-10-01T11:33:54","modified_gmt":"2025-10-01T14:33:54","slug":"50-aniversario-de-la-casa-del-nino-el-amanecer","status":"publish","type":"post","link":"https:\/\/eldiariodesanpedro.com.ar\/sitio\/50-aniversario-de-la-casa-del-nino-el-amanecer\/","title":{"rendered":"50\u00b0 aniversario de la Casa del Ni\u00f1o \u201cEl Amanecer\u201d"},"content":{"rendered":"<!-- VideographyWP Plugin Message: Automatic video embedding prevented by plugin options. -->\n\n<p>Con un emotivo acto, se celebraron los 50 a\u00f1os de la Casa del Ni\u00f1o \u201cEl Amanecer\u201d, instituci\u00f3n educativa municipal que acompa\u00f1a a generaciones.<\/p>\n\n\n\n<p><strong>Con gran emoci\u00f3n, este lunes se celebr\u00f3 el 50\u00b0 aniversario de la Casa del Ni\u00f1o \u201cEl Amanecer\u201d<\/strong>, instituci\u00f3n educativa municipal que desde hace cinco d\u00e9cadas acompa\u00f1a la formaci\u00f3n y el crecimiento de los ni\u00f1os y ni\u00f1as de la ciudad.<\/p>\n\n\n\n<p>El acto reuni\u00f3 a <strong>alumnos, docentes, exintegrantes, familias y vecinos del barrio Las Canaletas<\/strong>, quienes compartieron una jornada muy especial junto a integrantes del equipo de gobierno en representaci\u00f3n del intendente <strong>Cecilio Salazar<\/strong>.<\/p>\n\n\n\n<p>Durante la jornada se entonaron las estrofas del <strong>Himno Nacional Argentino<\/strong> y se descubri\u00f3 una <strong>placa conmemorativa<\/strong>, a cargo del <strong>Secretario de Gobierno Mart\u00edn Baraybar<\/strong>, el <strong>Director de Educaci\u00f3n Alan Ocampo<\/strong> y la <strong>Directora de la instituci\u00f3n, Marina Giselle Ordo\u00f1ez<\/strong>, quienes destacaron la historia y el presente de la Casa del Ni\u00f1o.<\/p>\n\n\n\n<p>Adem\u00e1s, se present\u00f3 la <strong>nueva bandera institucional<\/strong>, elaborada en un proyecto colectivo con la comunidad, y se disfrutaron las <strong>expresiones art\u00edsticas de los estudiantes<\/strong>. La celebraci\u00f3n culmin\u00f3 con el <strong>tradicional corte de torta<\/strong>, s\u00edmbolo de medio siglo de historia compartida.<\/p>\n\n\n\n<p>Desde la Municipalidad felicitaron y agradecieron a toda la comunidad educativa por <strong>50 a\u00f1os de compromiso y trabajo<\/strong>, que son orgullo de la historia local.<\/p>\n\n\n\n<p>CasaDelNi\u00f1o #ElAmanecer #Aniversario50 #Educaci\u00f3nSanPedro #MunicipalidadSanPedro #HistoriaLocal<\/p>\n\n\n\n<div class=\"wp-block-jetpack-slideshow aligncenter\" data-effect=\"slide\"><div class=\"wp-block-jetpack-slideshow_container swiper-container\"><ul class=\"wp-block-jetpack-slideshow_swiper-wrapper swiper-wrapper\"><li class=\"wp-block-jetpack-slideshow_slide swiper-slide\"><figure><img decoding=\"async\" width=\"946\" height=\"630\" alt=\"\" class=\"wp-block-jetpack-slideshow_image wp-image-144031 lazyload\" data-id=\"144031\" data-src=\"https:\/\/eldiariodesanpedro.com.ar\/sitio\/wp-content\/uploads\/2025\/10\/Imagen-de-WhatsApp-2025-09-29-a-las-14.04.41_aa8097ba.jpg\" data-srcset=\"https:\/\/eldiariodesanpedro.com.ar\/sitio\/wp-content\/uploads\/2025\/10\/Imagen-de-WhatsApp-2025-09-29-a-las-14.04.41_aa8097ba.jpg 946w, https:\/\/eldiariodesanpedro.com.ar\/sitio\/wp-content\/uploads\/2025\/10\/Imagen-de-WhatsApp-2025-09-29-a-las-14.04.41_aa8097ba-300x200.jpg 300w, https:\/\/eldiariodesanpedro.com.ar\/sitio\/wp-content\/uploads\/2025\/10\/Imagen-de-WhatsApp-2025-09-29-a-las-14.04.41_aa8097ba-768x511.jpg 768w\" data-sizes=\"(max-width: 946px) 100vw, 946px\" src=\"data:image\/svg+xml;base64,PHN2ZyB3aWR0aD0iMSIgaGVpZ2h0PSIxIiB4bWxucz0iaHR0cDovL3d3dy53My5vcmcvMjAwMC9zdmciPjwvc3ZnPg==\" style=\"--smush-placeholder-width: 946px; --smush-placeholder-aspect-ratio: 946\/630;\" \/><\/figure><\/li><li class=\"wp-block-jetpack-slideshow_slide swiper-slide\"><figure><img decoding=\"async\" width=\"946\" height=\"630\" alt=\"\" class=\"wp-block-jetpack-slideshow_image wp-image-144029 lazyload\" data-id=\"144029\" data-src=\"https:\/\/eldiariodesanpedro.com.ar\/sitio\/wp-content\/uploads\/2025\/10\/Imagen-de-WhatsApp-2025-09-29-a-las-14.04.40_402d1c58.jpg\" data-srcset=\"https:\/\/eldiariodesanpedro.com.ar\/sitio\/wp-content\/uploads\/2025\/10\/Imagen-de-WhatsApp-2025-09-29-a-las-14.04.40_402d1c58.jpg 946w, https:\/\/eldiariodesanpedro.com.ar\/sitio\/wp-content\/uploads\/2025\/10\/Imagen-de-WhatsApp-2025-09-29-a-las-14.04.40_402d1c58-300x200.jpg 300w, https:\/\/eldiariodesanpedro.com.ar\/sitio\/wp-content\/uploads\/2025\/10\/Imagen-de-WhatsApp-2025-09-29-a-las-14.04.40_402d1c58-768x511.jpg 768w\" data-sizes=\"(max-width: 946px) 100vw, 946px\" src=\"data:image\/svg+xml;base64,PHN2ZyB3aWR0aD0iMSIgaGVpZ2h0PSIxIiB4bWxucz0iaHR0cDovL3d3dy53My5vcmcvMjAwMC9zdmciPjwvc3ZnPg==\" style=\"--smush-placeholder-width: 946px; --smush-placeholder-aspect-ratio: 946\/630;\" \/><\/figure><\/li><li class=\"wp-block-jetpack-slideshow_slide swiper-slide\"><figure><img decoding=\"async\" width=\"946\" height=\"630\" alt=\"\" class=\"wp-block-jetpack-slideshow_image wp-image-144028 lazyload\" data-id=\"144028\" data-src=\"https:\/\/eldiariodesanpedro.com.ar\/sitio\/wp-content\/uploads\/2025\/10\/Imagen-de-WhatsApp-2025-09-29-a-las-14.04.40_0043d6a6.jpg\" data-srcset=\"https:\/\/eldiariodesanpedro.com.ar\/sitio\/wp-content\/uploads\/2025\/10\/Imagen-de-WhatsApp-2025-09-29-a-las-14.04.40_0043d6a6.jpg 946w, https:\/\/eldiariodesanpedro.com.ar\/sitio\/wp-content\/uploads\/2025\/10\/Imagen-de-WhatsApp-2025-09-29-a-las-14.04.40_0043d6a6-300x200.jpg 300w, https:\/\/eldiariodesanpedro.com.ar\/sitio\/wp-content\/uploads\/2025\/10\/Imagen-de-WhatsApp-2025-09-29-a-las-14.04.40_0043d6a6-768x511.jpg 768w\" data-sizes=\"(max-width: 946px) 100vw, 946px\" src=\"data:image\/svg+xml;base64,PHN2ZyB3aWR0aD0iMSIgaGVpZ2h0PSIxIiB4bWxucz0iaHR0cDovL3d3dy53My5vcmcvMjAwMC9zdmciPjwvc3ZnPg==\" style=\"--smush-placeholder-width: 946px; --smush-placeholder-aspect-ratio: 946\/630;\" \/><\/figure><\/li><li class=\"wp-block-jetpack-slideshow_slide swiper-slide\"><figure><img decoding=\"async\" width=\"946\" height=\"630\" alt=\"\" class=\"wp-block-jetpack-slideshow_image wp-image-144027 lazyload\" data-id=\"144027\" data-src=\"https:\/\/eldiariodesanpedro.com.ar\/sitio\/wp-content\/uploads\/2025\/10\/Imagen-de-WhatsApp-2025-09-29-a-las-14.04.39_bda98c34.jpg\" data-srcset=\"https:\/\/eldiariodesanpedro.com.ar\/sitio\/wp-content\/uploads\/2025\/10\/Imagen-de-WhatsApp-2025-09-29-a-las-14.04.39_bda98c34.jpg 946w, https:\/\/eldiariodesanpedro.com.ar\/sitio\/wp-content\/uploads\/2025\/10\/Imagen-de-WhatsApp-2025-09-29-a-las-14.04.39_bda98c34-300x200.jpg 300w, https:\/\/eldiariodesanpedro.com.ar\/sitio\/wp-content\/uploads\/2025\/10\/Imagen-de-WhatsApp-2025-09-29-a-las-14.04.39_bda98c34-768x511.jpg 768w\" data-sizes=\"(max-width: 946px) 100vw, 946px\" src=\"data:image\/svg+xml;base64,PHN2ZyB3aWR0aD0iMSIgaGVpZ2h0PSIxIiB4bWxucz0iaHR0cDovL3d3dy53My5vcmcvMjAwMC9zdmciPjwvc3ZnPg==\" style=\"--smush-placeholder-width: 946px; --smush-placeholder-aspect-ratio: 946\/630;\" \/><\/figure><\/li><li class=\"wp-block-jetpack-slideshow_slide swiper-slide\"><figure><img decoding=\"async\" width=\"946\" height=\"630\" alt=\"\" class=\"wp-block-jetpack-slideshow_image wp-image-144026 lazyload\" data-id=\"144026\" data-src=\"https:\/\/eldiariodesanpedro.com.ar\/sitio\/wp-content\/uploads\/2025\/10\/Imagen-de-WhatsApp-2025-09-29-a-las-14.04.39_3aefcd56.jpg\" data-srcset=\"https:\/\/eldiariodesanpedro.com.ar\/sitio\/wp-content\/uploads\/2025\/10\/Imagen-de-WhatsApp-2025-09-29-a-las-14.04.39_3aefcd56.jpg 946w, https:\/\/eldiariodesanpedro.com.ar\/sitio\/wp-content\/uploads\/2025\/10\/Imagen-de-WhatsApp-2025-09-29-a-las-14.04.39_3aefcd56-300x200.jpg 300w, https:\/\/eldiariodesanpedro.com.ar\/sitio\/wp-content\/uploads\/2025\/10\/Imagen-de-WhatsApp-2025-09-29-a-las-14.04.39_3aefcd56-768x511.jpg 768w\" data-sizes=\"(max-width: 946px) 100vw, 946px\" src=\"data:image\/svg+xml;base64,PHN2ZyB3aWR0aD0iMSIgaGVpZ2h0PSIxIiB4bWxucz0iaHR0cDovL3d3dy53My5vcmcvMjAwMC9zdmciPjwvc3ZnPg==\" style=\"--smush-placeholder-width: 946px; --smush-placeholder-aspect-ratio: 946\/630;\" \/><\/figure><\/li><\/ul><a class=\"wp-block-jetpack-slideshow_button-prev swiper-button-prev swiper-button-white\" role=\"button\"><\/a><a class=\"wp-block-jetpack-slideshow_button-next swiper-button-next swiper-button-white\" role=\"button\"><\/a><a aria-label=\"Pause Slideshow\" class=\"wp-block-jetpack-slideshow_button-pause\" role=\"button\"><\/a><div class=\"wp-block-jetpack-slideshow_pagination swiper-pagination swiper-pagination-white\"><\/div><\/div><\/div>\n","protected":false},"excerpt":{"rendered":"<p>Con un emotivo acto, se celebraron los 50 a\u00f1os de la Casa del Ni\u00f1o \u201cEl Amanecer\u201d, instituci\u00f3n educativa municipal que acompa\u00f1a a generaciones. Con gran emoci\u00f3n, este lunes se celebr\u00f3 el 50\u00b0 aniversario de la Casa del Ni\u00f1o \u201cEl Amanecer\u201d, instituci\u00f3n educativa municipal que desde hace cinco d\u00e9cadas acompa\u00f1a la formaci\u00f3n y el crecimiento de [&hellip;]<\/p>\n","protected":false},"author":4,"featured_media":144030,"comment_status":"closed","ping_status":"closed","sticky":false,"template":"","format":"standard","meta":{"om_disable_all_campaigns":false,"_jetpack_memberships_contains_paid_content":false,"footnotes":""},"categories":[101,2],"tags":[6411,6412,6409,6410,6408,3758],"class_list":["post-144025","post","type-post","status-publish","format-standard","has-post-thumbnail","hentry","category-interes-general-locales","category-locales","tag-50-aniversario-casa-del-nino","tag-aniversario-institucion-educativa","tag-casa-del-nino-el-amanecer","tag-educacion-san-pedro","tag-el-amanecer","tag-municipalidad-de-san-pedro"],"aioseo_notices":[],"gutentor_comment":0,"jetpack_featured_media_url":"https:\/\/eldiariodesanpedro.com.ar\/sitio\/wp-content\/uploads\/2025\/10\/Imagen-de-WhatsApp-2025-09-29-a-las-14.04.41_23b9b933.jpg","jetpack_shortlink":"https:\/\/wp.me\/p6RhLt-BsZ","jetpack_sharing_enabled":true,"_links":{"self":[{"href":"https:\/\/eldiariodesanpedro.com.ar\/sitio\/wp-json\/wp\/v2\/posts\/144025","targetHints":{"allow":["GET"]}}],"collection":[{"href":"https:\/\/eldiariodesanpedro.com.ar\/sitio\/wp-json\/wp\/v2\/posts"}],"about":[{"href":"https:\/\/eldiariodesanpedro.com.ar\/sitio\/wp-json\/wp\/v2\/types\/post"}],"author":[{"embeddable":true,"href":"https:\/\/eldiariodesanpedro.com.ar\/sitio\/wp-json\/wp\/v2\/users\/4"}],"replies":[{"embeddable":true,"href":"https:\/\/eldiariodesanpedro.com.ar\/sitio\/wp-json\/wp\/v2\/comments?post=144025"}],"version-history":[{"count":1,"href":"https:\/\/eldiariodesanpedro.com.ar\/sitio\/wp-json\/wp\/v2\/posts\/144025\/revisions"}],"predecessor-version":[{"id":144032,"href":"https:\/\/eldiariodesanpedro.com.ar\/sitio\/wp-json\/wp\/v2\/posts\/144025\/revisions\/144032"}],"wp:featuredmedia":[{"embeddable":true,"href":"https:\/\/eldiariodesanpedro.com.ar\/sitio\/wp-json\/wp\/v2\/media\/144030"}],"wp:attachment":[{"href":"https:\/\/eldiariodesanpedro.com.ar\/sitio\/wp-json\/wp\/v2\/media?parent=144025"}],"wp:term":[{"taxonomy":"category","embeddable":true,"href":"https:\/\/eldiariodesanpedro.com.ar\/sitio\/wp-json\/wp\/v2\/categories?post=144025"},{"taxonomy":"post_tag","embeddable":true,"href":"https:\/\/eldiariodesanpedro.com.ar\/sitio\/wp-json\/wp\/v2\/tags?post=144025"}],"curies":[{"name":"wp","href":"https:\/\/api.w.org\/{rel}","templated":true}]}}