{"id":14396,"date":"2017-02-09T14:06:56","date_gmt":"2017-02-09T17:06:56","guid":{"rendered":"https:\/\/eldiariodesanpedro.com.ar\/sitio\/?p=14396"},"modified":"2017-02-09T14:27:44","modified_gmt":"2017-02-09T17:27:44","slug":"manifestacion-a-favor-de-los-trabajadores-del-centro-de-salud-de-vuelta-de-obligado","status":"publish","type":"post","link":"https:\/\/eldiariodesanpedro.com.ar\/sitio\/manifestacion-a-favor-de-los-trabajadores-del-centro-de-salud-de-vuelta-de-obligado\/","title":{"rendered":"Manifestaci\u00f3n a favor de los trabajadores del centro de salud de Vuelta de Obligado"},"content":{"rendered":"<p><!-- VideographyWP Plugin Message: Automatic video embedding prevented by plugin options. --><br \/>\nEn la ma\u00f1ana de hoy la vecina localidad de Vuelta de Obligado aparecieron por todo el pueblo varios panfletos an\u00f3nimos en los que se puede leer \u00abcon la alimentaci\u00f3n y la salud de los ni\u00f1os de vuelta de obligado no se juega hacemos responsable a las dos empleadas que est\u00e1n a cargo de la salita y estas se roban todo\u00bb. <\/p>\n<p>El diario de San Pedro di\u00e1logo con varios vecinos del lugar quienes aseguran que la localidad tiene una gran conformidad con el trabajo que se lleva realizado en dicho centro de salud y las personas que trabajan en el mismo. Adem\u00e1s se organizo una manifestaci\u00f3n en apoyo a los trabajadores del lugar a partir de las 15:00 hs del d\u00eda de hoy en el centro de salud de Vuelta de Obligado. <\/p>\n","protected":false},"excerpt":{"rendered":"<p>En la ma\u00f1ana de hoy la vecina localidad de Vuelta de Obligado aparecieron por todo el pueblo varios panfletos an\u00f3nimos en los que se puede leer \u00abcon la alimentaci\u00f3n y la salud de los ni\u00f1os de vuelta de obligado no se juega hacemos responsable a las dos empleadas que est\u00e1n a cargo de la salita [&hellip;]<\/p>\n","protected":false},"author":4,"featured_media":14400,"comment_status":"open","ping_status":"closed","sticky":false,"template":"","format":"standard","meta":{"om_disable_all_campaigns":false,"_jetpack_memberships_contains_paid_content":false,"footnotes":""},"categories":[50,101,2],"tags":[],"class_list":["post-14396","post","type-post","status-publish","format-standard","has-post-thumbnail","hentry","category-destacadas","category-interes-general-locales","category-locales"],"aioseo_notices":[],"gutentor_comment":0,"jetpack_featured_media_url":"https:\/\/eldiariodesanpedro.com.ar\/sitio\/wp-content\/uploads\/2017\/02\/Sin-t\u00edtulo-1.jpg","jetpack_shortlink":"https:\/\/wp.me\/p6RhLt-3Kc","jetpack_sharing_enabled":true,"_links":{"self":[{"href":"https:\/\/eldiariodesanpedro.com.ar\/sitio\/wp-json\/wp\/v2\/posts\/14396","targetHints":{"allow":["GET"]}}],"collection":[{"href":"https:\/\/eldiariodesanpedro.com.ar\/sitio\/wp-json\/wp\/v2\/posts"}],"about":[{"href":"https:\/\/eldiariodesanpedro.com.ar\/sitio\/wp-json\/wp\/v2\/types\/post"}],"author":[{"embeddable":true,"href":"https:\/\/eldiariodesanpedro.com.ar\/sitio\/wp-json\/wp\/v2\/users\/4"}],"replies":[{"embeddable":true,"href":"https:\/\/eldiariodesanpedro.com.ar\/sitio\/wp-json\/wp\/v2\/comments?post=14396"}],"version-history":[{"count":2,"href":"https:\/\/eldiariodesanpedro.com.ar\/sitio\/wp-json\/wp\/v2\/posts\/14396\/revisions"}],"predecessor-version":[{"id":14399,"href":"https:\/\/eldiariodesanpedro.com.ar\/sitio\/wp-json\/wp\/v2\/posts\/14396\/revisions\/14399"}],"wp:featuredmedia":[{"embeddable":true,"href":"https:\/\/eldiariodesanpedro.com.ar\/sitio\/wp-json\/wp\/v2\/media\/14400"}],"wp:attachment":[{"href":"https:\/\/eldiariodesanpedro.com.ar\/sitio\/wp-json\/wp\/v2\/media?parent=14396"}],"wp:term":[{"taxonomy":"category","embeddable":true,"href":"https:\/\/eldiariodesanpedro.com.ar\/sitio\/wp-json\/wp\/v2\/categories?post=14396"},{"taxonomy":"post_tag","embeddable":true,"href":"https:\/\/eldiariodesanpedro.com.ar\/sitio\/wp-json\/wp\/v2\/tags?post=14396"}],"curies":[{"name":"wp","href":"https:\/\/api.w.org\/{rel}","templated":true}]}}