{"id":143922,"date":"2025-09-26T16:44:57","date_gmt":"2025-09-26T19:44:57","guid":{"rendered":"https:\/\/eldiariodesanpedro.com.ar\/sitio\/?p=143922"},"modified":"2026-01-24T00:47:15","modified_gmt":"2026-01-24T03:47:15","slug":"fallecio-maria-olga-hegui-a-los-86-anos","status":"publish","type":"post","link":"https:\/\/eldiariodesanpedro.com.ar\/sitio\/fallecio-maria-olga-hegui-a-los-86-anos\/","title":{"rendered":"Falleci\u00f3 Mar\u00eda Olga Hegui a los 86 a\u00f1os"},"content":{"rendered":"<!-- VideographyWP Plugin Message: Automatic video embedding prevented by plugin options. -->\n\n<p><strong>Mar\u00eda Olga Hegui<\/strong>, de <strong>86 a\u00f1os<\/strong>, falleci\u00f3 en San Pedro. Sus restos son velados en la <strong>Sala N\u00b03 de COOPSER Servicios Sociales<\/strong>, ubicada en <strong>3 de Febrero 1475<\/strong>, hasta las <strong>15:00 horas del viernes 26 de septiembre de 2025<\/strong>.<\/p>\n\n\n\n<p>El servicio de sepelio est\u00e1 a cargo de <strong>COOPSER Servicios Sociales<\/strong>, quienes informaron que familiares, amigos y allegados podr\u00e1n despedirla en la mencionada sala velatoria.<\/p>\n\n\n\n<p>#Obituario #SanPedro #COOPSER #ServiciosSociales #Fallecimiento<\/p>\n","protected":false},"excerpt":{"rendered":"<p>Mar\u00eda Olga Hegui, de 86 a\u00f1os, falleci\u00f3 en San Pedro. Sus restos son velados en la Sala N\u00b03 de COOPSER Servicios Sociales, ubicada en 3 de Febrero 1475, hasta las 15:00 horas del viernes 26 de septiembre de 2025. El servicio de sepelio est\u00e1 a cargo de COOPSER Servicios Sociales, quienes informaron que familiares, amigos [&hellip;]<\/p>\n","protected":false},"author":4,"featured_media":113757,"comment_status":"closed","ping_status":"closed","sticky":false,"template":"","format":"standard","meta":{"om_disable_all_campaigns":false,"_jetpack_memberships_contains_paid_content":false,"footnotes":""},"categories":[8424],"tags":[5113,6369,6368,5112,5629],"class_list":["post-143922","post","type-post","status-publish","format-standard","has-post-thumbnail","hentry","category-necrologicas","tag-coopser-servicios-sociales","tag-despedida-familiar","tag-fallecio-maria-olga-hegui","tag-obituario-san-pedro","tag-sala-velatoria-san-pedro"],"aioseo_notices":[],"gutentor_comment":0,"jetpack_featured_media_url":"https:\/\/eldiariodesanpedro.com.ar\/sitio\/wp-content\/uploads\/2023\/01\/necrologicas.jpg","jetpack_shortlink":"https:\/\/wp.me\/p6RhLt-Brk","jetpack_sharing_enabled":true,"_links":{"self":[{"href":"https:\/\/eldiariodesanpedro.com.ar\/sitio\/wp-json\/wp\/v2\/posts\/143922","targetHints":{"allow":["GET"]}}],"collection":[{"href":"https:\/\/eldiariodesanpedro.com.ar\/sitio\/wp-json\/wp\/v2\/posts"}],"about":[{"href":"https:\/\/eldiariodesanpedro.com.ar\/sitio\/wp-json\/wp\/v2\/types\/post"}],"author":[{"embeddable":true,"href":"https:\/\/eldiariodesanpedro.com.ar\/sitio\/wp-json\/wp\/v2\/users\/4"}],"replies":[{"embeddable":true,"href":"https:\/\/eldiariodesanpedro.com.ar\/sitio\/wp-json\/wp\/v2\/comments?post=143922"}],"version-history":[{"count":1,"href":"https:\/\/eldiariodesanpedro.com.ar\/sitio\/wp-json\/wp\/v2\/posts\/143922\/revisions"}],"predecessor-version":[{"id":143923,"href":"https:\/\/eldiariodesanpedro.com.ar\/sitio\/wp-json\/wp\/v2\/posts\/143922\/revisions\/143923"}],"wp:featuredmedia":[{"embeddable":true,"href":"https:\/\/eldiariodesanpedro.com.ar\/sitio\/wp-json\/wp\/v2\/media\/113757"}],"wp:attachment":[{"href":"https:\/\/eldiariodesanpedro.com.ar\/sitio\/wp-json\/wp\/v2\/media?parent=143922"}],"wp:term":[{"taxonomy":"category","embeddable":true,"href":"https:\/\/eldiariodesanpedro.com.ar\/sitio\/wp-json\/wp\/v2\/categories?post=143922"},{"taxonomy":"post_tag","embeddable":true,"href":"https:\/\/eldiariodesanpedro.com.ar\/sitio\/wp-json\/wp\/v2\/tags?post=143922"}],"curies":[{"name":"wp","href":"https:\/\/api.w.org\/{rel}","templated":true}]}}