{"id":143913,"date":"2025-09-26T09:25:17","date_gmt":"2025-09-26T12:25:17","guid":{"rendered":"https:\/\/eldiariodesanpedro.com.ar\/sitio\/?p=143913"},"modified":"2025-09-26T09:25:20","modified_gmt":"2025-09-26T12:25:20","slug":"asamblea-anual-ordinaria-del-circulo-medico-de-san-pedro","status":"publish","type":"post","link":"https:\/\/eldiariodesanpedro.com.ar\/sitio\/asamblea-anual-ordinaria-del-circulo-medico-de-san-pedro\/","title":{"rendered":"Asamblea Anual Ordinaria del Circulo Medico de San Pedro"},"content":{"rendered":"<!-- VideographyWP Plugin Message: Automatic video embedding prevented by plugin options. -->\n\n<p>LA ASOCIACION CIRCULO MEDICO DE SAN PEDRO tiene el agrado de invitar a sus asociados a la ASAMBLEA ANUAL ORDINARIA que se llevara a cabo en el local de la Entidad calle G\u00fcemes 48, el d\u00eda martes 14 de octubre de 2025, a las 20.30 en primera citaci\u00f3n y 21.00 en segunda con el siguiente:<\/p>\n\n\n\n<p>ORDEN DEL DIA<\/p>\n\n\n\n<ol class=\"wp-block-list\">\n<li>Designaci\u00f3n de dos Asamble\u00edstas para firmar el acta conjuntamente con el Sr. Presidente.<\/li>\n\n\n\n<li>Lectura y consideraci\u00f3n de la Memoria y aprobaci\u00f3n del Balance del ejercicio comprendido entre el 1 de Junio de 2024 al 31 de Mayo de 2025.<\/li>\n\n\n\n<li>Renovaci\u00f3n de Autoridades y elecci\u00f3n de los siguientes cargos:<br>Presidente por dos a\u00f1os.<br>Secretario por un a\u00f1o por renuncia.<br>Prosecretario por dos a\u00f1os.<br>Tesorero por dos a\u00f1os.<br>Vocal segundo por dos a\u00f1os.<br>Revisores de cuentas.<\/li>\n\n\n\n<li>Aprobaci\u00f3n de la gesti\u00f3n de la Comisi\u00f3n Directiva.<\/li>\n<\/ol>\n\n\n\n<p>Se informa con relaci\u00f3n al punto 3 que la presentaci\u00f3n de listas se recibir\u00e1 hasta 5 d\u00edas antes de la fecha fijada para la Asamblea seg\u00fan Estatuto.<\/p>\n\n\n\n<p>Para la primera convocatoria, es necesario un qu\u00f3rum de m\u00e1s de la mitad de los asociados con derecho a voto y en segunda convocatoria la asamblea se realiza con cualquier n\u00famero de socios presentes siempre que sea mayor que el de los miembros de la Comisi\u00f3n Directiva.<\/p>\n\n\n\n<p>Dr. Carzino Carlos &#8211; SECRETARIO<br>Dr. Gutierrez Carlos &#8211; PRESIDENTE<\/p>\n","protected":false},"excerpt":{"rendered":"<p>LA ASOCIACION CIRCULO MEDICO DE SAN PEDRO tiene el agrado de invitar a sus asociados a la ASAMBLEA ANUAL ORDINARIA que se llevara a cabo en el local de la Entidad calle G\u00fcemes 48, el d\u00eda martes 14 de octubre de 2025, a las 20.30 en primera citaci\u00f3n y 21.00 en segunda con el siguiente: [&hellip;]<\/p>\n","protected":false},"author":4,"featured_media":122782,"comment_status":"closed","ping_status":"closed","sticky":false,"template":"","format":"standard","meta":{"om_disable_all_campaigns":false,"_jetpack_memberships_contains_paid_content":false,"footnotes":""},"categories":[678,676],"tags":[1000],"class_list":["post-143913","post","type-post","status-publish","format-standard","has-post-thumbnail","hentry","category-convocatorias","category-edictos","tag-circulo-medico"],"aioseo_notices":[],"gutentor_comment":0,"jetpack_featured_media_url":"https:\/\/eldiariodesanpedro.com.ar\/sitio\/wp-content\/uploads\/2023\/10\/Circulo-Medico-Convocatoria.jpg","jetpack_shortlink":"https:\/\/wp.me\/p6RhLt-Brb","jetpack_sharing_enabled":true,"_links":{"self":[{"href":"https:\/\/eldiariodesanpedro.com.ar\/sitio\/wp-json\/wp\/v2\/posts\/143913","targetHints":{"allow":["GET"]}}],"collection":[{"href":"https:\/\/eldiariodesanpedro.com.ar\/sitio\/wp-json\/wp\/v2\/posts"}],"about":[{"href":"https:\/\/eldiariodesanpedro.com.ar\/sitio\/wp-json\/wp\/v2\/types\/post"}],"author":[{"embeddable":true,"href":"https:\/\/eldiariodesanpedro.com.ar\/sitio\/wp-json\/wp\/v2\/users\/4"}],"replies":[{"embeddable":true,"href":"https:\/\/eldiariodesanpedro.com.ar\/sitio\/wp-json\/wp\/v2\/comments?post=143913"}],"version-history":[{"count":1,"href":"https:\/\/eldiariodesanpedro.com.ar\/sitio\/wp-json\/wp\/v2\/posts\/143913\/revisions"}],"predecessor-version":[{"id":143914,"href":"https:\/\/eldiariodesanpedro.com.ar\/sitio\/wp-json\/wp\/v2\/posts\/143913\/revisions\/143914"}],"wp:featuredmedia":[{"embeddable":true,"href":"https:\/\/eldiariodesanpedro.com.ar\/sitio\/wp-json\/wp\/v2\/media\/122782"}],"wp:attachment":[{"href":"https:\/\/eldiariodesanpedro.com.ar\/sitio\/wp-json\/wp\/v2\/media?parent=143913"}],"wp:term":[{"taxonomy":"category","embeddable":true,"href":"https:\/\/eldiariodesanpedro.com.ar\/sitio\/wp-json\/wp\/v2\/categories?post=143913"},{"taxonomy":"post_tag","embeddable":true,"href":"https:\/\/eldiariodesanpedro.com.ar\/sitio\/wp-json\/wp\/v2\/tags?post=143913"}],"curies":[{"name":"wp","href":"https:\/\/api.w.org\/{rel}","templated":true}]}}