{"id":143909,"date":"2025-09-26T09:03:24","date_gmt":"2025-09-26T12:03:24","guid":{"rendered":"https:\/\/eldiariodesanpedro.com.ar\/sitio\/?p=143909"},"modified":"2025-09-26T09:03:28","modified_gmt":"2025-09-26T12:03:28","slug":"edicto-de-sucesion-de-ciriaco-salvador-benitez-y-nelida-irene-dome","status":"publish","type":"post","link":"https:\/\/eldiariodesanpedro.com.ar\/sitio\/edicto-de-sucesion-de-ciriaco-salvador-benitez-y-nelida-irene-dome\/","title":{"rendered":"Edicto de Sucesi\u00f3n de Ciriaco Salvador Benitez y Nelida Irene Dome"},"content":{"rendered":"<!-- VideographyWP Plugin Message: Automatic video embedding prevented by plugin options. -->\n\n<p>El Juzgado de Paz Letrado de Baradero cita y emplaza por treinta d\u00edas a herederos y acreedores de <strong>Ciriaco Salvador Benitez y Nelida Irene Dome<\/strong>.- Baradero, 25 de septiembre de 2025.-<\/p>\n\n\n\n<p>ESTEBAN OMAR PERUSINA<br>ABOGADO SECRETARIO<\/p>\n\n\n\n<p>(Publicaci\u00f3n v\u00e1lida para el d\u00eda 26, 27 y 28 de septiembre de 2025)\u00a0\u00a0<br><a href=\"http:\/\/notificaciones.scba.gov.ar\/interfazbootstrap\/textonotificacion.aspx?CodNotif=7v51mf06\">notificaciones.scba.gov.ar\/interfazbootstrap\/textonotificacion.aspx?CodNotif=7v51mf06<\/a><\/p>\n\n\n\n<p>Todos los edictos los podes publicados los puedes ver en: <a href=\"https:\/\/eldiariodesanpedro.com.ar\/sitio\/category\/edictos\/\">https:\/\/eldiariodesanpedro.com.ar\/sitio\/category\/edictos\/<\/a><\/p>\n","protected":false},"excerpt":{"rendered":"<p>El Juzgado de Paz Letrado de Baradero cita y emplaza por treinta d\u00edas a herederos y acreedores de Ciriaco Salvador Benitez y Nelida Irene Dome.- Baradero, 25 de septiembre de 2025.- ESTEBAN OMAR PERUSINAABOGADO SECRETARIO (Publicaci\u00f3n v\u00e1lida para el d\u00eda 26, 27 y 28 de septiembre de 2025)\u00a0\u00a0notificaciones.scba.gov.ar\/interfazbootstrap\/textonotificacion.aspx?CodNotif=7v51mf06 Todos los edictos los podes publicados los [&hellip;]<\/p>\n","protected":false},"author":4,"featured_media":102746,"comment_status":"closed","ping_status":"closed","sticky":false,"template":"","format":"standard","meta":{"om_disable_all_campaigns":false,"_jetpack_memberships_contains_paid_content":false,"footnotes":""},"categories":[676,677],"tags":[6362,6363],"class_list":["post-143909","post","type-post","status-publish","format-standard","has-post-thumbnail","hentry","category-edictos","category-edictos-sucesorios","tag-ciriaco-salvador-benitez","tag-nelida-irene-dome"],"aioseo_notices":[],"gutentor_comment":0,"jetpack_featured_media_url":"https:\/\/eldiariodesanpedro.com.ar\/sitio\/wp-content\/uploads\/2022\/01\/EDICTO.jpg","jetpack_shortlink":"https:\/\/wp.me\/p6RhLt-Br7","jetpack_sharing_enabled":true,"_links":{"self":[{"href":"https:\/\/eldiariodesanpedro.com.ar\/sitio\/wp-json\/wp\/v2\/posts\/143909","targetHints":{"allow":["GET"]}}],"collection":[{"href":"https:\/\/eldiariodesanpedro.com.ar\/sitio\/wp-json\/wp\/v2\/posts"}],"about":[{"href":"https:\/\/eldiariodesanpedro.com.ar\/sitio\/wp-json\/wp\/v2\/types\/post"}],"author":[{"embeddable":true,"href":"https:\/\/eldiariodesanpedro.com.ar\/sitio\/wp-json\/wp\/v2\/users\/4"}],"replies":[{"embeddable":true,"href":"https:\/\/eldiariodesanpedro.com.ar\/sitio\/wp-json\/wp\/v2\/comments?post=143909"}],"version-history":[{"count":1,"href":"https:\/\/eldiariodesanpedro.com.ar\/sitio\/wp-json\/wp\/v2\/posts\/143909\/revisions"}],"predecessor-version":[{"id":143910,"href":"https:\/\/eldiariodesanpedro.com.ar\/sitio\/wp-json\/wp\/v2\/posts\/143909\/revisions\/143910"}],"wp:featuredmedia":[{"embeddable":true,"href":"https:\/\/eldiariodesanpedro.com.ar\/sitio\/wp-json\/wp\/v2\/media\/102746"}],"wp:attachment":[{"href":"https:\/\/eldiariodesanpedro.com.ar\/sitio\/wp-json\/wp\/v2\/media?parent=143909"}],"wp:term":[{"taxonomy":"category","embeddable":true,"href":"https:\/\/eldiariodesanpedro.com.ar\/sitio\/wp-json\/wp\/v2\/categories?post=143909"},{"taxonomy":"post_tag","embeddable":true,"href":"https:\/\/eldiariodesanpedro.com.ar\/sitio\/wp-json\/wp\/v2\/tags?post=143909"}],"curies":[{"name":"wp","href":"https:\/\/api.w.org\/{rel}","templated":true}]}}