{"id":143904,"date":"2025-09-25T13:22:27","date_gmt":"2025-09-25T16:22:27","guid":{"rendered":"https:\/\/eldiariodesanpedro.com.ar\/sitio\/?p=143904"},"modified":"2025-09-25T13:22:31","modified_gmt":"2025-09-25T16:22:31","slug":"aprehendido-por-violacion-de-domicilio-y-amenazas-en-la-madrugada","status":"publish","type":"post","link":"https:\/\/eldiariodesanpedro.com.ar\/sitio\/aprehendido-por-violacion-de-domicilio-y-amenazas-en-la-madrugada\/","title":{"rendered":"Aprehendido por violaci\u00f3n de domicilio y amenazas en la madrugada"},"content":{"rendered":"<!-- VideographyWP Plugin Message: Automatic video embedding prevented by plugin options. -->\n\n<p>Un hombre de 47 a\u00f1os fue aprehendido en la madrugada por violaci\u00f3n de domicilio y amenazas tras ser retenido por un vecino.<\/p>\n\n\n\n<p><strong>Un hombre de 47 a\u00f1os fue aprehendido tras ingresar al patio de una vivienda y amenazar al propietario.<\/strong> El sujeto intent\u00f3 huir pero fue retenido por un vecino y luego reducido por la polic\u00eda.<\/p>\n\n\n\n<p>En horas de la <strong>madrugada de hoy<\/strong>, personal policial acudi\u00f3 a un llamado de emergencia al <strong>911<\/strong>, logrando la <strong>aprehensi\u00f3n de un masculino de 47 a\u00f1os<\/strong> en calle R. Ansaloni y Fray Cayetano Rodr\u00edguez.<\/p>\n\n\n\n<p>El sujeto fue <strong>retenido por un vecino de 43 a\u00f1os<\/strong>, quien result\u00f3 v\u00edctima de <strong>amenazas<\/strong>. Seg\u00fan se inform\u00f3, el acusado hab\u00eda ingresado al <strong>patio del domicilio tras escalar un port\u00f3n<\/strong>.<\/p>\n\n\n\n<p>En el procedimiento se <strong>secuestraron guantes sint\u00e9ticos negros<\/strong>, adem\u00e1s de un <strong>tel\u00e9fono celular y un gorro de lana<\/strong> que el detenido descart\u00f3 durante la huida. Previamente, hab\u00eda sido divisado por la polic\u00eda en actitud sospechosa y, al intentar ser identificado, emprendi\u00f3 la fuga.<\/p>\n\n\n\n<p>Interviene la <strong>Fiscal\u00eda local<\/strong>, que dispuso la notificaci\u00f3n de la causa, quedando el sujeto <strong>alojado en el sector de calabozos<\/strong>.<\/p>\n\n\n\n<p>#Policiales #SanPedro #Seguridad #Detenido #ViolacionDeDomicilio #Amenazas<\/p>\n","protected":false},"excerpt":{"rendered":"<p>Un hombre de 47 a\u00f1os fue aprehendido en la madrugada por violaci\u00f3n de domicilio y amenazas tras ser retenido por un vecino. Un hombre de 47 a\u00f1os fue aprehendido tras ingresar al patio de una vivienda y amenazar al propietario. El sujeto intent\u00f3 huir pero fue retenido por un vecino y luego reducido por la [&hellip;]<\/p>\n","protected":false},"author":4,"featured_media":143905,"comment_status":"closed","ping_status":"closed","sticky":false,"template":"","format":"standard","meta":{"om_disable_all_campaigns":false,"_jetpack_memberships_contains_paid_content":false,"footnotes":""},"categories":[50,2,103],"tags":[6360,6359,5418,6361],"class_list":["post-143904","post","type-post","status-publish","format-standard","has-post-thumbnail","hentry","category-destacadas","category-locales","category-policiales-locales","tag-aprehendido-por-violacion-de-domicilio","tag-detenido-por-amenazas-en-san-pedro","tag-fiscalia-local","tag-operativo-policial-madrugada"],"aioseo_notices":[],"gutentor_comment":0,"jetpack_featured_media_url":"https:\/\/eldiariodesanpedro.com.ar\/sitio\/wp-content\/uploads\/2025\/09\/medida-2-14.jpg","jetpack_shortlink":"https:\/\/wp.me\/p6RhLt-Br2","jetpack_sharing_enabled":true,"_links":{"self":[{"href":"https:\/\/eldiariodesanpedro.com.ar\/sitio\/wp-json\/wp\/v2\/posts\/143904","targetHints":{"allow":["GET"]}}],"collection":[{"href":"https:\/\/eldiariodesanpedro.com.ar\/sitio\/wp-json\/wp\/v2\/posts"}],"about":[{"href":"https:\/\/eldiariodesanpedro.com.ar\/sitio\/wp-json\/wp\/v2\/types\/post"}],"author":[{"embeddable":true,"href":"https:\/\/eldiariodesanpedro.com.ar\/sitio\/wp-json\/wp\/v2\/users\/4"}],"replies":[{"embeddable":true,"href":"https:\/\/eldiariodesanpedro.com.ar\/sitio\/wp-json\/wp\/v2\/comments?post=143904"}],"version-history":[{"count":1,"href":"https:\/\/eldiariodesanpedro.com.ar\/sitio\/wp-json\/wp\/v2\/posts\/143904\/revisions"}],"predecessor-version":[{"id":143906,"href":"https:\/\/eldiariodesanpedro.com.ar\/sitio\/wp-json\/wp\/v2\/posts\/143904\/revisions\/143906"}],"wp:featuredmedia":[{"embeddable":true,"href":"https:\/\/eldiariodesanpedro.com.ar\/sitio\/wp-json\/wp\/v2\/media\/143905"}],"wp:attachment":[{"href":"https:\/\/eldiariodesanpedro.com.ar\/sitio\/wp-json\/wp\/v2\/media?parent=143904"}],"wp:term":[{"taxonomy":"category","embeddable":true,"href":"https:\/\/eldiariodesanpedro.com.ar\/sitio\/wp-json\/wp\/v2\/categories?post=143904"},{"taxonomy":"post_tag","embeddable":true,"href":"https:\/\/eldiariodesanpedro.com.ar\/sitio\/wp-json\/wp\/v2\/tags?post=143904"}],"curies":[{"name":"wp","href":"https:\/\/api.w.org\/{rel}","templated":true}]}}