{"id":143901,"date":"2025-09-25T12:56:59","date_gmt":"2025-09-25T15:56:59","guid":{"rendered":"https:\/\/eldiariodesanpedro.com.ar\/sitio\/?p=143901"},"modified":"2025-09-25T12:57:03","modified_gmt":"2025-09-25T15:57:03","slug":"aprehendido-un-joven-por-resistencia-a-la-autoridad-en-manuel-iglesias-y-liniers","status":"publish","type":"post","link":"https:\/\/eldiariodesanpedro.com.ar\/sitio\/aprehendido-un-joven-por-resistencia-a-la-autoridad-en-manuel-iglesias-y-liniers\/","title":{"rendered":"Aprehendido un joven por resistencia a la autoridad en Manuel Iglesias y Liniers"},"content":{"rendered":"<!-- VideographyWP Plugin Message: Automatic video embedding prevented by plugin options. -->\n\n<p>Un joven de 26 a\u00f1os fue detenido tras resistirse violentamente a la identificaci\u00f3n policial, agredir a los uniformados y enfrentarse junto a vecinos.<\/p>\n\n\n\n<p>En la jornada de ayer, <strong>personal policial acudi\u00f3 a un llamado de emergencia al 911<\/strong> por un presunto hecho delictivo ocurrido en la intersecci\u00f3n de <strong>Manuel Iglesias y Liniers<\/strong>.<\/p>\n\n\n\n<p>Al arribar, los efectivos intentaron identificar a un <strong>masculino de 26 a\u00f1os<\/strong>, quien se mostr\u00f3 hostil y <strong>se resisti\u00f3 al procedimiento arrojando golpes de pu\u00f1o y patadas contra los uniformados<\/strong>. Adem\u00e1s, <strong>emp\u00f1u\u00f3 piedras y fue apoyado por una multitud de vecinos<\/strong>, lo que intensific\u00f3 la situaci\u00f3n.<\/p>\n\n\n\n<p>Finalmente, el hombre fue <strong>aprehendido y trasladado a la dependencia policial<\/strong>, donde qued\u00f3 alojado en el sector de calabozos. <strong>Interviene la Fiscal\u00eda local<\/strong>, que dispuso la notificaci\u00f3n de la causa correspondiente.<\/p>\n\n\n\n<p>#Policiales #ResistenciaALaAutoridad #SanPedro #Seguridad<\/p>\n","protected":false},"excerpt":{"rendered":"<p>Un joven de 26 a\u00f1os fue detenido tras resistirse violentamente a la identificaci\u00f3n policial, agredir a los uniformados y enfrentarse junto a vecinos. En la jornada de ayer, personal policial acudi\u00f3 a un llamado de emergencia al 911 por un presunto hecho delictivo ocurrido en la intersecci\u00f3n de Manuel Iglesias y Liniers. Al arribar, los [&hellip;]<\/p>\n","protected":false},"author":4,"featured_media":143902,"comment_status":"closed","ping_status":"closed","sticky":false,"template":"","format":"standard","meta":{"om_disable_all_campaigns":false,"_jetpack_memberships_contains_paid_content":false,"footnotes":""},"categories":[2,103],"tags":[6358,6357,5418,5441],"class_list":["post-143901","post","type-post","status-publish","format-standard","has-post-thumbnail","hentry","category-locales","category-policiales-locales","tag-agresion-a-policias","tag-aprehendido-resistencia-a-la-autoridad","tag-fiscalia-local","tag-joven-detenido-san-pedro"],"aioseo_notices":[],"gutentor_comment":0,"jetpack_featured_media_url":"https:\/\/eldiariodesanpedro.com.ar\/sitio\/wp-content\/uploads\/2025\/09\/medida-2-13.jpg","jetpack_shortlink":"https:\/\/wp.me\/p6RhLt-BqZ","jetpack_sharing_enabled":true,"_links":{"self":[{"href":"https:\/\/eldiariodesanpedro.com.ar\/sitio\/wp-json\/wp\/v2\/posts\/143901","targetHints":{"allow":["GET"]}}],"collection":[{"href":"https:\/\/eldiariodesanpedro.com.ar\/sitio\/wp-json\/wp\/v2\/posts"}],"about":[{"href":"https:\/\/eldiariodesanpedro.com.ar\/sitio\/wp-json\/wp\/v2\/types\/post"}],"author":[{"embeddable":true,"href":"https:\/\/eldiariodesanpedro.com.ar\/sitio\/wp-json\/wp\/v2\/users\/4"}],"replies":[{"embeddable":true,"href":"https:\/\/eldiariodesanpedro.com.ar\/sitio\/wp-json\/wp\/v2\/comments?post=143901"}],"version-history":[{"count":1,"href":"https:\/\/eldiariodesanpedro.com.ar\/sitio\/wp-json\/wp\/v2\/posts\/143901\/revisions"}],"predecessor-version":[{"id":143903,"href":"https:\/\/eldiariodesanpedro.com.ar\/sitio\/wp-json\/wp\/v2\/posts\/143901\/revisions\/143903"}],"wp:featuredmedia":[{"embeddable":true,"href":"https:\/\/eldiariodesanpedro.com.ar\/sitio\/wp-json\/wp\/v2\/media\/143902"}],"wp:attachment":[{"href":"https:\/\/eldiariodesanpedro.com.ar\/sitio\/wp-json\/wp\/v2\/media?parent=143901"}],"wp:term":[{"taxonomy":"category","embeddable":true,"href":"https:\/\/eldiariodesanpedro.com.ar\/sitio\/wp-json\/wp\/v2\/categories?post=143901"},{"taxonomy":"post_tag","embeddable":true,"href":"https:\/\/eldiariodesanpedro.com.ar\/sitio\/wp-json\/wp\/v2\/tags?post=143901"}],"curies":[{"name":"wp","href":"https:\/\/api.w.org\/{rel}","templated":true}]}}