{"id":14390,"date":"2017-02-09T12:43:36","date_gmt":"2017-02-09T15:43:36","guid":{"rendered":"https:\/\/eldiariodesanpedro.com.ar\/sitio\/?p=14390"},"modified":"2017-02-09T12:43:36","modified_gmt":"2017-02-09T15:43:36","slug":"en-gobernador-castro-detienen-a-dos-delincuentes-y-secuestran-una-moto","status":"publish","type":"post","link":"https:\/\/eldiariodesanpedro.com.ar\/sitio\/en-gobernador-castro-detienen-a-dos-delincuentes-y-secuestran-una-moto\/","title":{"rendered":"En Gobernador Castro detienen a dos delincuentes y secuestran una moto"},"content":{"rendered":"<p><!-- VideographyWP Plugin Message: Automatic video embedding prevented by plugin options. --><br \/>\nPersonal policial del destacamento de Gobernador Castro en cercan\u00edas de las v\u00edas del tren de esa localidad procedi\u00f3 a la aprehensi\u00f3n de un hombre mayor de edad y de un joven menor de edad quienes minutos antes cometieron un il\u00edcito en inmediaciones de la plaza San Mart\u00edn, secuestr\u00e1ndoseles un tel\u00e9fono sustra\u00eddo y una motocicleta en la que movilizaban la que pose\u00eda pedido de secuestro activo.  Consultada fiscal\u00eda interviniente, misma dispuso recaudos legales, entrega a progenitores del joven y que el mayor permanezca alojado hasta su traslado a sede judicial.<\/p>\n","protected":false},"excerpt":{"rendered":"<p>Personal policial del destacamento de Gobernador Castro en cercan\u00edas de las v\u00edas del tren de esa localidad procedi\u00f3 a la aprehensi\u00f3n de un hombre mayor de edad y de un joven menor de edad quienes minutos antes cometieron un il\u00edcito en inmediaciones de la plaza San Mart\u00edn, secuestr\u00e1ndoseles un tel\u00e9fono sustra\u00eddo y una motocicleta en [&hellip;]<\/p>\n","protected":false},"author":4,"featured_media":2518,"comment_status":"open","ping_status":"closed","sticky":false,"template":"","format":"standard","meta":{"om_disable_all_campaigns":false,"_jetpack_memberships_contains_paid_content":false,"footnotes":""},"categories":[2,103],"tags":[],"class_list":["post-14390","post","type-post","status-publish","format-standard","has-post-thumbnail","hentry","category-locales","category-policiales-locales"],"aioseo_notices":[],"gutentor_comment":0,"jetpack_featured_media_url":"https:\/\/eldiariodesanpedro.com.ar\/sitio\/wp-content\/uploads\/2016\/03\/detenidos.jpg","jetpack_shortlink":"https:\/\/wp.me\/p6RhLt-3K6","jetpack_sharing_enabled":true,"_links":{"self":[{"href":"https:\/\/eldiariodesanpedro.com.ar\/sitio\/wp-json\/wp\/v2\/posts\/14390","targetHints":{"allow":["GET"]}}],"collection":[{"href":"https:\/\/eldiariodesanpedro.com.ar\/sitio\/wp-json\/wp\/v2\/posts"}],"about":[{"href":"https:\/\/eldiariodesanpedro.com.ar\/sitio\/wp-json\/wp\/v2\/types\/post"}],"author":[{"embeddable":true,"href":"https:\/\/eldiariodesanpedro.com.ar\/sitio\/wp-json\/wp\/v2\/users\/4"}],"replies":[{"embeddable":true,"href":"https:\/\/eldiariodesanpedro.com.ar\/sitio\/wp-json\/wp\/v2\/comments?post=14390"}],"version-history":[{"count":1,"href":"https:\/\/eldiariodesanpedro.com.ar\/sitio\/wp-json\/wp\/v2\/posts\/14390\/revisions"}],"predecessor-version":[{"id":14391,"href":"https:\/\/eldiariodesanpedro.com.ar\/sitio\/wp-json\/wp\/v2\/posts\/14390\/revisions\/14391"}],"wp:featuredmedia":[{"embeddable":true,"href":"https:\/\/eldiariodesanpedro.com.ar\/sitio\/wp-json\/wp\/v2\/media\/2518"}],"wp:attachment":[{"href":"https:\/\/eldiariodesanpedro.com.ar\/sitio\/wp-json\/wp\/v2\/media?parent=14390"}],"wp:term":[{"taxonomy":"category","embeddable":true,"href":"https:\/\/eldiariodesanpedro.com.ar\/sitio\/wp-json\/wp\/v2\/categories?post=14390"},{"taxonomy":"post_tag","embeddable":true,"href":"https:\/\/eldiariodesanpedro.com.ar\/sitio\/wp-json\/wp\/v2\/tags?post=14390"}],"curies":[{"name":"wp","href":"https:\/\/api.w.org\/{rel}","templated":true}]}}