{"id":143898,"date":"2025-09-25T12:40:00","date_gmt":"2025-09-25T15:40:00","guid":{"rendered":"https:\/\/eldiariodesanpedro.com.ar\/sitio\/?p=143898"},"modified":"2025-09-25T12:40:04","modified_gmt":"2025-09-25T15:40:04","slug":"cumplieron-orden-de-detencion-contra-otro-hombre-acusado-de-abuso-sexual","status":"publish","type":"post","link":"https:\/\/eldiariodesanpedro.com.ar\/sitio\/cumplieron-orden-de-detencion-contra-otro-hombre-acusado-de-abuso-sexual\/","title":{"rendered":"Cumplieron orden de detenci\u00f3n contra otro hombre acusado de abuso sexual"},"content":{"rendered":"<!-- VideographyWP Plugin Message: Automatic video embedding prevented by plugin options. -->\n\n<p>Personal policial detuvo a un hombre de 40 a\u00f1os en la v\u00eda p\u00fablica tras una orden judicial emitida por el Tribunal Criminal de San Nicol\u00e1s.<\/p>\n\n\n\n<p>En la jornada de ayer por la tarde, <strong>personal policial de esta dependencia<\/strong>, junto con el <strong>Gabinete Criminol\u00f3gico<\/strong> y la <strong>Sub DDI<\/strong>, llev\u00f3 adelante un operativo que culmin\u00f3 con la <strong>detenci\u00f3n de un masculino de 40 a\u00f1os<\/strong>, en inmediaciones de <strong>Ayacucho al 1500<\/strong>.<\/p>\n\n\n\n<p>La medida fue ejecutada en cumplimiento de una <strong>orden de detenci\u00f3n por el delito de abuso sexual<\/strong>, emitida por el <strong>Tribunal Criminal de San Nicol\u00e1s<\/strong>.<\/p>\n\n\n\n<p>El acusado fue trasladado a sede policial y <strong>qued\u00f3 alojado en el sector de calabozos<\/strong>, a disposici\u00f3n de la Justicia, a la espera de las pr\u00f3ximas actuaciones procesales.<\/p>\n\n\n\n<p>#SanPedro #Policiales #Detenido #AbusoSexual #OrdenDeDetenci\u00f3n #TribunalSanNicol\u00e1s<\/p>\n","protected":false},"excerpt":{"rendered":"<p>Personal policial detuvo a un hombre de 40 a\u00f1os en la v\u00eda p\u00fablica tras una orden judicial emitida por el Tribunal Criminal de San Nicol\u00e1s. En la jornada de ayer por la tarde, personal policial de esta dependencia, junto con el Gabinete Criminol\u00f3gico y la Sub DDI, llev\u00f3 adelante un operativo que culmin\u00f3 con la [&hellip;]<\/p>\n","protected":false},"author":4,"featured_media":143899,"comment_status":"closed","ping_status":"closed","sticky":false,"template":"","format":"standard","meta":{"om_disable_all_campaigns":false,"_jetpack_memberships_contains_paid_content":false,"footnotes":""},"categories":[50,2,103],"tags":[6354,6356,5342,6355],"class_list":["post-143898","post","type-post","status-publish","format-standard","has-post-thumbnail","hentry","category-destacadas","category-locales","category-policiales-locales","tag-detencion-abuso-sexual","tag-hombre-detenido-san-nicolas","tag-operativo-policial-san-pedro","tag-orden-de-detencion-san-pedro"],"aioseo_notices":[],"gutentor_comment":0,"jetpack_featured_media_url":"https:\/\/eldiariodesanpedro.com.ar\/sitio\/wp-content\/uploads\/2025\/09\/medida-2-12.jpg","jetpack_shortlink":"https:\/\/wp.me\/p6RhLt-BqW","jetpack_sharing_enabled":true,"_links":{"self":[{"href":"https:\/\/eldiariodesanpedro.com.ar\/sitio\/wp-json\/wp\/v2\/posts\/143898","targetHints":{"allow":["GET"]}}],"collection":[{"href":"https:\/\/eldiariodesanpedro.com.ar\/sitio\/wp-json\/wp\/v2\/posts"}],"about":[{"href":"https:\/\/eldiariodesanpedro.com.ar\/sitio\/wp-json\/wp\/v2\/types\/post"}],"author":[{"embeddable":true,"href":"https:\/\/eldiariodesanpedro.com.ar\/sitio\/wp-json\/wp\/v2\/users\/4"}],"replies":[{"embeddable":true,"href":"https:\/\/eldiariodesanpedro.com.ar\/sitio\/wp-json\/wp\/v2\/comments?post=143898"}],"version-history":[{"count":1,"href":"https:\/\/eldiariodesanpedro.com.ar\/sitio\/wp-json\/wp\/v2\/posts\/143898\/revisions"}],"predecessor-version":[{"id":143900,"href":"https:\/\/eldiariodesanpedro.com.ar\/sitio\/wp-json\/wp\/v2\/posts\/143898\/revisions\/143900"}],"wp:featuredmedia":[{"embeddable":true,"href":"https:\/\/eldiariodesanpedro.com.ar\/sitio\/wp-json\/wp\/v2\/media\/143899"}],"wp:attachment":[{"href":"https:\/\/eldiariodesanpedro.com.ar\/sitio\/wp-json\/wp\/v2\/media?parent=143898"}],"wp:term":[{"taxonomy":"category","embeddable":true,"href":"https:\/\/eldiariodesanpedro.com.ar\/sitio\/wp-json\/wp\/v2\/categories?post=143898"},{"taxonomy":"post_tag","embeddable":true,"href":"https:\/\/eldiariodesanpedro.com.ar\/sitio\/wp-json\/wp\/v2\/tags?post=143898"}],"curies":[{"name":"wp","href":"https:\/\/api.w.org\/{rel}","templated":true}]}}