{"id":14388,"date":"2017-02-09T12:32:01","date_gmt":"2017-02-09T15:32:01","guid":{"rendered":"https:\/\/eldiariodesanpedro.com.ar\/sitio\/?p=14388"},"modified":"2017-02-09T12:32:01","modified_gmt":"2017-02-09T15:32:01","slug":"una-persona-herida-con-una-cuchilla-a-raiz-de-una-discusion","status":"publish","type":"post","link":"https:\/\/eldiariodesanpedro.com.ar\/sitio\/una-persona-herida-con-una-cuchilla-a-raiz-de-una-discusion\/","title":{"rendered":"Una persona herida con una cuchilla a ra\u00edz de una discusi\u00f3n"},"content":{"rendered":"<p><!-- VideographyWP Plugin Message: Automatic video embedding prevented by plugin options. --><br \/>\nEl d\u00eda de ayer se recibi\u00f3 una denuncia en la comisaria local a ra\u00edz de una discusi\u00f3n que un hombre mantuvo con otro hombre y el cual saca de entre sus ropas una cuchilla con la que le provoca lesiones al denunciante a la altura del pectoral izquierdo no produciendole heridas de consideraci\u00f3n seg\u00fan manifest\u00f3 el medico de guardia  del nosocomio local. <\/p>\n","protected":false},"excerpt":{"rendered":"<p>El d\u00eda de ayer se recibi\u00f3 una denuncia en la comisaria local a ra\u00edz de una discusi\u00f3n que un hombre mantuvo con otro hombre y el cual saca de entre sus ropas una cuchilla con la que le provoca lesiones al denunciante a la altura del pectoral izquierdo no produciendole heridas de consideraci\u00f3n seg\u00fan manifest\u00f3 [&hellip;]<\/p>\n","protected":false},"author":4,"featured_media":13369,"comment_status":"open","ping_status":"closed","sticky":false,"template":"","format":"standard","meta":{"om_disable_all_campaigns":false,"_jetpack_memberships_contains_paid_content":false,"footnotes":""},"categories":[2,103],"tags":[],"class_list":["post-14388","post","type-post","status-publish","format-standard","has-post-thumbnail","hentry","category-locales","category-policiales-locales"],"aioseo_notices":[],"gutentor_comment":0,"jetpack_featured_media_url":"https:\/\/eldiariodesanpedro.com.ar\/sitio\/wp-content\/uploads\/2017\/01\/Patrulla-1-e1485285915195.jpg","jetpack_shortlink":"https:\/\/wp.me\/p6RhLt-3K4","jetpack_sharing_enabled":true,"_links":{"self":[{"href":"https:\/\/eldiariodesanpedro.com.ar\/sitio\/wp-json\/wp\/v2\/posts\/14388","targetHints":{"allow":["GET"]}}],"collection":[{"href":"https:\/\/eldiariodesanpedro.com.ar\/sitio\/wp-json\/wp\/v2\/posts"}],"about":[{"href":"https:\/\/eldiariodesanpedro.com.ar\/sitio\/wp-json\/wp\/v2\/types\/post"}],"author":[{"embeddable":true,"href":"https:\/\/eldiariodesanpedro.com.ar\/sitio\/wp-json\/wp\/v2\/users\/4"}],"replies":[{"embeddable":true,"href":"https:\/\/eldiariodesanpedro.com.ar\/sitio\/wp-json\/wp\/v2\/comments?post=14388"}],"version-history":[{"count":1,"href":"https:\/\/eldiariodesanpedro.com.ar\/sitio\/wp-json\/wp\/v2\/posts\/14388\/revisions"}],"predecessor-version":[{"id":14389,"href":"https:\/\/eldiariodesanpedro.com.ar\/sitio\/wp-json\/wp\/v2\/posts\/14388\/revisions\/14389"}],"wp:featuredmedia":[{"embeddable":true,"href":"https:\/\/eldiariodesanpedro.com.ar\/sitio\/wp-json\/wp\/v2\/media\/13369"}],"wp:attachment":[{"href":"https:\/\/eldiariodesanpedro.com.ar\/sitio\/wp-json\/wp\/v2\/media?parent=14388"}],"wp:term":[{"taxonomy":"category","embeddable":true,"href":"https:\/\/eldiariodesanpedro.com.ar\/sitio\/wp-json\/wp\/v2\/categories?post=14388"},{"taxonomy":"post_tag","embeddable":true,"href":"https:\/\/eldiariodesanpedro.com.ar\/sitio\/wp-json\/wp\/v2\/tags?post=14388"}],"curies":[{"name":"wp","href":"https:\/\/api.w.org\/{rel}","templated":true}]}}