{"id":143848,"date":"2025-09-24T15:30:28","date_gmt":"2025-09-24T18:30:28","guid":{"rendered":"https:\/\/eldiariodesanpedro.com.ar\/sitio\/?p=143848"},"modified":"2025-09-24T15:30:32","modified_gmt":"2025-09-24T18:30:32","slug":"accidente-de-transito-en-rio-tala-dejo-dos-heridos-leves","status":"publish","type":"post","link":"https:\/\/eldiariodesanpedro.com.ar\/sitio\/accidente-de-transito-en-rio-tala-dejo-dos-heridos-leves\/","title":{"rendered":"Accidente de tr\u00e1nsito en R\u00edo Tala dej\u00f3 dos heridos leves"},"content":{"rendered":"<!-- VideographyWP Plugin Message: Automatic video embedding prevented by plugin options. -->\n\n<p>Un cami\u00f3n cargado con carne vacuna volc\u00f3 en la Ruta Nacional 9 a la altura de R\u00edo Tala. Dos personas resultaron con lesiones leves.<\/p>\n\n\n\n<p>En la ma\u00f1ana de ayer, <strong>personal policial del destacamento de R\u00edo Tala<\/strong> intervino en un <strong>accidente de tr\u00e1nsito ocurrido en la Ruta Nacional 9, kil\u00f3metro 156<\/strong>, carril Rosario\u2013Buenos Aires.<\/p>\n\n\n\n<p>El siniestro involucr\u00f3 a un <strong>cami\u00f3n Mercedes Benz con acoplado cargado con carne vacuna<\/strong>, que <strong>despist\u00f3 y volc\u00f3 por razones que a\u00fan se investigan<\/strong>.<\/p>\n\n\n\n<p>El rodado era conducido por un <strong>hombre de 34 a\u00f1os<\/strong>, acompa\u00f1ado por otro de <strong>27 a\u00f1os<\/strong>, ambos oriundos de la localidad de <strong>Ramallo<\/strong>. Producto del vuelco, <strong>los dos sufrieron lesiones de car\u00e1cter leve<\/strong>.<\/p>\n\n\n\n<p>El hecho gener\u00f3 <strong>obstrucci\u00f3n parcial del tr\u00e1nsito<\/strong>, por lo que <strong>Polic\u00eda Vial y Cinco Vial trabajaron en el lugar<\/strong>, realizando se\u00f1alamiento de la zona y <strong>desviando la circulaci\u00f3n hacia la colectora<\/strong>.<\/p>\n\n\n\n<p>#Accidente #R\u00edoTala #Ruta9 #Transito #CamionVolcado #HeridosLeves #Polic\u00edaVial #Noticias<\/p>\n","protected":false},"excerpt":{"rendered":"<p>Un cami\u00f3n cargado con carne vacuna volc\u00f3 en la Ruta Nacional 9 a la altura de R\u00edo Tala. Dos personas resultaron con lesiones leves. En la ma\u00f1ana de ayer, personal policial del destacamento de R\u00edo Tala intervino en un accidente de tr\u00e1nsito ocurrido en la Ruta Nacional 9, kil\u00f3metro 156, carril Rosario\u2013Buenos Aires. El siniestro [&hellip;]<\/p>\n","protected":false},"author":4,"featured_media":143849,"comment_status":"closed","ping_status":"closed","sticky":false,"template":"","format":"standard","meta":{"om_disable_all_campaigns":false,"_jetpack_memberships_contains_paid_content":false,"footnotes":""},"categories":[2,103],"tags":[6241,6326,6127,1758,5220,6327],"class_list":["post-143848","post","type-post","status-publish","format-standard","has-post-thumbnail","hentry","category-locales","category-policiales-locales","tag-accidente-en-rio-tala","tag-camion-volcado","tag-heridos-leves","tag-ruta-nacional-9","tag-siniestro-vial-san-pedro","tag-transito-rio-tala"],"aioseo_notices":[],"gutentor_comment":0,"jetpack_featured_media_url":"https:\/\/eldiariodesanpedro.com.ar\/sitio\/wp-content\/uploads\/2025\/09\/3.jpg","jetpack_shortlink":"https:\/\/wp.me\/p6RhLt-Bq8","jetpack_sharing_enabled":true,"_links":{"self":[{"href":"https:\/\/eldiariodesanpedro.com.ar\/sitio\/wp-json\/wp\/v2\/posts\/143848","targetHints":{"allow":["GET"]}}],"collection":[{"href":"https:\/\/eldiariodesanpedro.com.ar\/sitio\/wp-json\/wp\/v2\/posts"}],"about":[{"href":"https:\/\/eldiariodesanpedro.com.ar\/sitio\/wp-json\/wp\/v2\/types\/post"}],"author":[{"embeddable":true,"href":"https:\/\/eldiariodesanpedro.com.ar\/sitio\/wp-json\/wp\/v2\/users\/4"}],"replies":[{"embeddable":true,"href":"https:\/\/eldiariodesanpedro.com.ar\/sitio\/wp-json\/wp\/v2\/comments?post=143848"}],"version-history":[{"count":1,"href":"https:\/\/eldiariodesanpedro.com.ar\/sitio\/wp-json\/wp\/v2\/posts\/143848\/revisions"}],"predecessor-version":[{"id":143850,"href":"https:\/\/eldiariodesanpedro.com.ar\/sitio\/wp-json\/wp\/v2\/posts\/143848\/revisions\/143850"}],"wp:featuredmedia":[{"embeddable":true,"href":"https:\/\/eldiariodesanpedro.com.ar\/sitio\/wp-json\/wp\/v2\/media\/143849"}],"wp:attachment":[{"href":"https:\/\/eldiariodesanpedro.com.ar\/sitio\/wp-json\/wp\/v2\/media?parent=143848"}],"wp:term":[{"taxonomy":"category","embeddable":true,"href":"https:\/\/eldiariodesanpedro.com.ar\/sitio\/wp-json\/wp\/v2\/categories?post=143848"},{"taxonomy":"post_tag","embeddable":true,"href":"https:\/\/eldiariodesanpedro.com.ar\/sitio\/wp-json\/wp\/v2\/tags?post=143848"}],"curies":[{"name":"wp","href":"https:\/\/api.w.org\/{rel}","templated":true}]}}