{"id":143844,"date":"2025-09-24T12:25:57","date_gmt":"2025-09-24T15:25:57","guid":{"rendered":"https:\/\/eldiariodesanpedro.com.ar\/sitio\/?p=143844"},"modified":"2025-09-24T12:26:01","modified_gmt":"2025-09-24T15:26:01","slug":"aprehendido-con-arma-blanca-en-operativo-policial","status":"publish","type":"post","link":"https:\/\/eldiariodesanpedro.com.ar\/sitio\/aprehendido-con-arma-blanca-en-operativo-policial\/","title":{"rendered":"Aprehendido con arma blanca en operativo policial"},"content":{"rendered":"<!-- VideographyWP Plugin Message: Automatic video embedding prevented by plugin options. -->\n\n<p>Un joven de 20 a\u00f1os fue aprehendido en calle Salta al 1800 tras ser sorprendido con un arma blanca durante un operativo din\u00e1mico de la polic\u00eda.<\/p>\n\n\n\n<p>En un <strong>operativo din\u00e1mico llevado a cabo por personal de la Estaci\u00f3n de Polic\u00eda Comunal<\/strong>, en calle <strong>Salta al 1800<\/strong>, se procedi\u00f3 a la <strong>aprehensi\u00f3n de un masculino de 20 a\u00f1os de edad<\/strong> que se encontraba en posesi\u00f3n de un <strong>arma blanca<\/strong>.<\/p>\n\n\n\n<p>El procedimiento se enmarca en los controles de prevenci\u00f3n que la polic\u00eda local realiza de manera continua en distintos puntos de la ciudad. El <strong>Juzgado de Paz de San Pedro<\/strong> interviene en la causa, que avanza bajo la figura de <strong>tenencia de arma blanca en la v\u00eda p\u00fablica<\/strong>.<\/p>\n\n\n\n<p>La detenci\u00f3n forma parte de los dispositivos de seguridad implementados para reducir hechos delictivos y preservar la tranquilidad de los vecinos.<\/p>\n\n\n\n<p>Policiales #Seguridad #SanPedro #Aprehensi\u00f3n #ArmaBlanca #Polic\u00eda<\/p>\n","protected":false},"excerpt":{"rendered":"<p>Un joven de 20 a\u00f1os fue aprehendido en calle Salta al 1800 tras ser sorprendido con un arma blanca durante un operativo din\u00e1mico de la polic\u00eda. En un operativo din\u00e1mico llevado a cabo por personal de la Estaci\u00f3n de Polic\u00eda Comunal, en calle Salta al 1800, se procedi\u00f3 a la aprehensi\u00f3n de un masculino de [&hellip;]<\/p>\n","protected":false},"author":4,"featured_media":143845,"comment_status":"closed","ping_status":"closed","sticky":false,"template":"","format":"standard","meta":{"om_disable_all_campaigns":false,"_jetpack_memberships_contains_paid_content":false,"footnotes":""},"categories":[2,103],"tags":[6325,6324,1744,5342,5403],"class_list":["post-143844","post","type-post","status-publish","format-standard","has-post-thumbnail","hentry","category-locales","category-policiales-locales","tag-aprehendido-con-arma-blanca","tag-detencion-joven-20-anos","tag-juzgado-de-paz","tag-operativo-policial-san-pedro","tag-seguridad-en-san-pedro"],"aioseo_notices":[],"gutentor_comment":0,"jetpack_featured_media_url":"https:\/\/eldiariodesanpedro.com.ar\/sitio\/wp-content\/uploads\/2025\/09\/medida-2-9.jpg","jetpack_shortlink":"https:\/\/wp.me\/p6RhLt-Bq4","jetpack_sharing_enabled":true,"_links":{"self":[{"href":"https:\/\/eldiariodesanpedro.com.ar\/sitio\/wp-json\/wp\/v2\/posts\/143844","targetHints":{"allow":["GET"]}}],"collection":[{"href":"https:\/\/eldiariodesanpedro.com.ar\/sitio\/wp-json\/wp\/v2\/posts"}],"about":[{"href":"https:\/\/eldiariodesanpedro.com.ar\/sitio\/wp-json\/wp\/v2\/types\/post"}],"author":[{"embeddable":true,"href":"https:\/\/eldiariodesanpedro.com.ar\/sitio\/wp-json\/wp\/v2\/users\/4"}],"replies":[{"embeddable":true,"href":"https:\/\/eldiariodesanpedro.com.ar\/sitio\/wp-json\/wp\/v2\/comments?post=143844"}],"version-history":[{"count":1,"href":"https:\/\/eldiariodesanpedro.com.ar\/sitio\/wp-json\/wp\/v2\/posts\/143844\/revisions"}],"predecessor-version":[{"id":143846,"href":"https:\/\/eldiariodesanpedro.com.ar\/sitio\/wp-json\/wp\/v2\/posts\/143844\/revisions\/143846"}],"wp:featuredmedia":[{"embeddable":true,"href":"https:\/\/eldiariodesanpedro.com.ar\/sitio\/wp-json\/wp\/v2\/media\/143845"}],"wp:attachment":[{"href":"https:\/\/eldiariodesanpedro.com.ar\/sitio\/wp-json\/wp\/v2\/media?parent=143844"}],"wp:term":[{"taxonomy":"category","embeddable":true,"href":"https:\/\/eldiariodesanpedro.com.ar\/sitio\/wp-json\/wp\/v2\/categories?post=143844"},{"taxonomy":"post_tag","embeddable":true,"href":"https:\/\/eldiariodesanpedro.com.ar\/sitio\/wp-json\/wp\/v2\/tags?post=143844"}],"curies":[{"name":"wp","href":"https:\/\/api.w.org\/{rel}","templated":true}]}}