{"id":143841,"date":"2025-09-24T12:07:49","date_gmt":"2025-09-24T15:07:49","guid":{"rendered":"https:\/\/eldiariodesanpedro.com.ar\/sitio\/?p=143841"},"modified":"2025-09-24T12:07:52","modified_gmt":"2025-09-24T15:07:52","slug":"aprehendido-con-motocicleta-adulterada-en-operativo-policial","status":"publish","type":"post","link":"https:\/\/eldiariodesanpedro.com.ar\/sitio\/aprehendido-con-motocicleta-adulterada-en-operativo-policial\/","title":{"rendered":"Aprehendido con motocicleta adulterada en operativo policial"},"content":{"rendered":"<!-- VideographyWP Plugin Message: Automatic video embedding prevented by plugin options. -->\n\n<p><strong>Un joven de 21 a\u00f1os fue aprehendido cuando circulaba con una motocicleta adulterada en la que se constat\u00f3 la supresi\u00f3n de la numeraci\u00f3n de motor.<\/strong><\/p>\n\n\n\n<p>En un <strong>operativo realizado por personal de la Estaci\u00f3n de Polic\u00eda Comunal<\/strong>, en calle <strong>Juan B. Justo al 1000<\/strong>, se procedi\u00f3 a la <strong>aprehensi\u00f3n de un masculino de 21 a\u00f1os<\/strong> que circulaba a bordo de una <strong>motocicleta tipo 110 cc<\/strong>.<\/p>\n\n\n\n<p>La investigaci\u00f3n determin\u00f3 que el veh\u00edculo presentaba <strong>la numeraci\u00f3n de motor suprimida<\/strong>, lo que motiv\u00f3 la intervenci\u00f3n de la <strong>UFI N.\u00ba 11<\/strong>, que dispuso la notificaci\u00f3n de la causa por el delito de <strong>\u201cFalsificaci\u00f3n, alteraci\u00f3n o supresi\u00f3n de la numeraci\u00f3n de un objeto registrable\u201d<\/strong>, enmarcado en el <strong>art\u00edculo 289 del C\u00f3digo Penal<\/strong>.<\/p>\n\n\n\n<p>El joven qued\u00f3 <strong>a disposici\u00f3n de la Justicia<\/strong> mientras avanza el proceso judicial correspondiente.<\/p>\n\n\n\n<p>#Policiales #MotoAdulterada #Aprehendido #UFI11 #CodigoPenal #SanPedro<\/p>\n","protected":false},"excerpt":{"rendered":"<p>Un joven de 21 a\u00f1os fue aprehendido cuando circulaba con una motocicleta adulterada en la que se constat\u00f3 la supresi\u00f3n de la numeraci\u00f3n de motor. En un operativo realizado por personal de la Estaci\u00f3n de Polic\u00eda Comunal, en calle Juan B. Justo al 1000, se procedi\u00f3 a la aprehensi\u00f3n de un masculino de 21 a\u00f1os [&hellip;]<\/p>\n","protected":false},"author":4,"featured_media":143842,"comment_status":"closed","ping_status":"closed","sticky":false,"template":"","format":"standard","meta":{"om_disable_all_campaigns":false,"_jetpack_memberships_contains_paid_content":false,"footnotes":""},"categories":[2,103],"tags":[6322,6323,4055,5678,5682],"class_list":["post-143841","post","type-post","status-publish","format-standard","has-post-thumbnail","hentry","category-locales","category-policiales-locales","tag-aprehendido-moto-adulterada","tag-delito-articulo-289-codigo-penal","tag-operativo-policial","tag-policia-comunal-san-pedro","tag-ufi-11-san-pedro"],"aioseo_notices":[],"gutentor_comment":0,"jetpack_featured_media_url":"https:\/\/eldiariodesanpedro.com.ar\/sitio\/wp-content\/uploads\/2025\/09\/medida-2-8.jpg","jetpack_shortlink":"https:\/\/wp.me\/p6RhLt-Bq1","jetpack_sharing_enabled":true,"_links":{"self":[{"href":"https:\/\/eldiariodesanpedro.com.ar\/sitio\/wp-json\/wp\/v2\/posts\/143841","targetHints":{"allow":["GET"]}}],"collection":[{"href":"https:\/\/eldiariodesanpedro.com.ar\/sitio\/wp-json\/wp\/v2\/posts"}],"about":[{"href":"https:\/\/eldiariodesanpedro.com.ar\/sitio\/wp-json\/wp\/v2\/types\/post"}],"author":[{"embeddable":true,"href":"https:\/\/eldiariodesanpedro.com.ar\/sitio\/wp-json\/wp\/v2\/users\/4"}],"replies":[{"embeddable":true,"href":"https:\/\/eldiariodesanpedro.com.ar\/sitio\/wp-json\/wp\/v2\/comments?post=143841"}],"version-history":[{"count":1,"href":"https:\/\/eldiariodesanpedro.com.ar\/sitio\/wp-json\/wp\/v2\/posts\/143841\/revisions"}],"predecessor-version":[{"id":143843,"href":"https:\/\/eldiariodesanpedro.com.ar\/sitio\/wp-json\/wp\/v2\/posts\/143841\/revisions\/143843"}],"wp:featuredmedia":[{"embeddable":true,"href":"https:\/\/eldiariodesanpedro.com.ar\/sitio\/wp-json\/wp\/v2\/media\/143842"}],"wp:attachment":[{"href":"https:\/\/eldiariodesanpedro.com.ar\/sitio\/wp-json\/wp\/v2\/media?parent=143841"}],"wp:term":[{"taxonomy":"category","embeddable":true,"href":"https:\/\/eldiariodesanpedro.com.ar\/sitio\/wp-json\/wp\/v2\/categories?post=143841"},{"taxonomy":"post_tag","embeddable":true,"href":"https:\/\/eldiariodesanpedro.com.ar\/sitio\/wp-json\/wp\/v2\/tags?post=143841"}],"curies":[{"name":"wp","href":"https:\/\/api.w.org\/{rel}","templated":true}]}}