{"id":14381,"date":"2017-02-09T12:05:25","date_gmt":"2017-02-09T15:05:25","guid":{"rendered":"https:\/\/eldiariodesanpedro.com.ar\/sitio\/?p=14381"},"modified":"2017-02-09T13:38:50","modified_gmt":"2017-02-09T16:38:50","slug":"accidente-de-transito-dos-mujeres-lesionadas","status":"publish","type":"post","link":"https:\/\/eldiariodesanpedro.com.ar\/sitio\/accidente-de-transito-dos-mujeres-lesionadas\/","title":{"rendered":"Accidente de transito dos mujeres lesionadas"},"content":{"rendered":"<p><!-- VideographyWP Plugin Message: Automatic video embedding prevented by plugin options. --><br \/>\nEn la ma\u00f1ana de hoy alrededor de las 11:00 hs se produjo un accidente de transito en la esquina de Chivilcoy y Independencia entre una motocicleta Zanella 110 cc negra en la que circulaban dos mujeres una promediando los 45 y su acompa\u00f1ante de alrededor de 40 a\u00f1os y un autom\u00f3vil Renault Sandero Color Azul en la que manejaba un se\u00f1or mayor de 50 a\u00f1os.<\/p>\n<p>En el accidente de transito se pudo constatar que las dos mujeres sufrieron la de 46 a\u00f1os un grave traumatismo en una de sus piernas y fractura expuesta por la cual ingreso al quiero fano y en el caso de la otra mujer de 40 a\u00f1os sufri\u00f3 un grave traumatismo de cr\u00e1neo por el cual permanecer\u00e1 internada hasta el d\u00eda de ma\u00f1ana en observaci\u00f3n. Cabe destacar que las personas que circulaban en la moto no llevaban casco colocado seg\u00fan el conductor del veh\u00edculo pero si se puede observar que estaba el mismo estaba en el lugar.<\/p>\n","protected":false},"excerpt":{"rendered":"<p>En la ma\u00f1ana de hoy alrededor de las 11:00 hs se produjo un accidente de transito en la esquina de Chivilcoy y Independencia entre una motocicleta Zanella 110 cc negra en la que circulaban dos mujeres una promediando los 45 y su acompa\u00f1ante de alrededor de 40 a\u00f1os y un autom\u00f3vil Renault Sandero Color Azul [&hellip;]<\/p>\n","protected":false},"author":4,"featured_media":14382,"comment_status":"open","ping_status":"closed","sticky":false,"template":"","format":"standard","meta":{"om_disable_all_campaigns":false,"_jetpack_memberships_contains_paid_content":false,"footnotes":""},"categories":[50,2,103],"tags":[],"class_list":["post-14381","post","type-post","status-publish","format-standard","has-post-thumbnail","hentry","category-destacadas","category-locales","category-policiales-locales"],"aioseo_notices":[],"gutentor_comment":0,"jetpack_featured_media_url":"https:\/\/eldiariodesanpedro.com.ar\/sitio\/wp-content\/uploads\/2017\/02\/11.jpg","jetpack_shortlink":"https:\/\/wp.me\/p6RhLt-3JX","jetpack_sharing_enabled":true,"_links":{"self":[{"href":"https:\/\/eldiariodesanpedro.com.ar\/sitio\/wp-json\/wp\/v2\/posts\/14381","targetHints":{"allow":["GET"]}}],"collection":[{"href":"https:\/\/eldiariodesanpedro.com.ar\/sitio\/wp-json\/wp\/v2\/posts"}],"about":[{"href":"https:\/\/eldiariodesanpedro.com.ar\/sitio\/wp-json\/wp\/v2\/types\/post"}],"author":[{"embeddable":true,"href":"https:\/\/eldiariodesanpedro.com.ar\/sitio\/wp-json\/wp\/v2\/users\/4"}],"replies":[{"embeddable":true,"href":"https:\/\/eldiariodesanpedro.com.ar\/sitio\/wp-json\/wp\/v2\/comments?post=14381"}],"version-history":[{"count":4,"href":"https:\/\/eldiariodesanpedro.com.ar\/sitio\/wp-json\/wp\/v2\/posts\/14381\/revisions"}],"predecessor-version":[{"id":14395,"href":"https:\/\/eldiariodesanpedro.com.ar\/sitio\/wp-json\/wp\/v2\/posts\/14381\/revisions\/14395"}],"wp:featuredmedia":[{"embeddable":true,"href":"https:\/\/eldiariodesanpedro.com.ar\/sitio\/wp-json\/wp\/v2\/media\/14382"}],"wp:attachment":[{"href":"https:\/\/eldiariodesanpedro.com.ar\/sitio\/wp-json\/wp\/v2\/media?parent=14381"}],"wp:term":[{"taxonomy":"category","embeddable":true,"href":"https:\/\/eldiariodesanpedro.com.ar\/sitio\/wp-json\/wp\/v2\/categories?post=14381"},{"taxonomy":"post_tag","embeddable":true,"href":"https:\/\/eldiariodesanpedro.com.ar\/sitio\/wp-json\/wp\/v2\/tags?post=14381"}],"curies":[{"name":"wp","href":"https:\/\/api.w.org\/{rel}","templated":true}]}}