{"id":143789,"date":"2025-09-23T13:07:47","date_gmt":"2025-09-23T16:07:47","guid":{"rendered":"https:\/\/eldiariodesanpedro.com.ar\/sitio\/?p=143789"},"modified":"2025-09-23T13:07:52","modified_gmt":"2025-09-23T16:07:52","slug":"operativo-dni-en-localidades-del-partido","status":"publish","type":"post","link":"https:\/\/eldiariodesanpedro.com.ar\/sitio\/operativo-dni-en-localidades-del-partido\/","title":{"rendered":"Operativo DNI en localidades del partido"},"content":{"rendered":"<!-- VideographyWP Plugin Message: Automatic video embedding prevented by plugin options. -->\n\n<p>El Registro Provincial y la Municipalidad llevar\u00e1n adelante un nuevo Operativo DNI en localidades del partido del 6 al 9 de octubre.<\/p>\n\n\n\n<p>La <strong>Municipalidad<\/strong>, junto con el <strong>Registro Provincial de las Personas del Gobierno de la Provincia de Buenos Aires<\/strong>, llevar\u00e1 adelante un <strong>nuevo Operativo DNI en diferentes localidades<\/strong> del partido, acercando la posibilidad de realizar tr\u00e1mites de documentaci\u00f3n de forma m\u00e1s r\u00e1pida y cercana.<\/p>\n\n\n\n<p>El <strong>domingo 6 de octubre<\/strong>, el operativo se realizar\u00e1 en <strong>Gobernador Castro<\/strong>, de 10 a 15 horas, en la intersecci\u00f3n de <strong>Ernesto Alves y Sarmiento<\/strong>.<\/p>\n\n\n\n<p>El <strong>lunes 7 de octubre<\/strong>, continuar\u00e1 en <strong>R\u00edo Tala<\/strong>, de 10 a 15 horas, en <strong>Lucas Schallibaung 260<\/strong>.<\/p>\n\n\n\n<p>El <strong>martes 8 de octubre<\/strong> tendr\u00e1 lugar en <strong>Los Cazadores<\/strong>, de 10 a 15 horas, en <strong>Callej\u00f3n Rossito S\/N<\/strong>.<\/p>\n\n\n\n<p>Finalmente, el <strong>mi\u00e9rcoles 9 de octubre<\/strong> se llevar\u00e1 a cabo en <strong>dos localidades<\/strong>: de 10 a 13 horas en <strong>Santa Luc\u00eda<\/strong> (Belgrano 351) y de 13:45 a 15 horas en <strong>Pueblo Doyle<\/strong> (Islas Malvinas y Crist\u00f3bal Doyle).<\/p>\n\n\n\n<p>A trav\u00e9s de este dispositivo, los vecinos podr\u00e1n <strong>gestionar su documentaci\u00f3n de manera \u00e1gil y accesible<\/strong>, sin necesidad de trasladarse grandes distancias.<\/p>\n\n\n\n<p>#OperativoDNI #SanPedro #GobernadorCastro #RioTala #SantaLucia #PuebloDoyle #LosCazadores<\/p>\n\n\n\n<figure class=\"wp-block-image size-full\"><img decoding=\"async\" width=\"630\" height=\"630\" data-attachment-id=\"143791\" data-permalink=\"https:\/\/eldiariodesanpedro.com.ar\/sitio\/operativo-dni-en-localidades-del-partido\/imagen-de-whatsapp-2025-09-23-a-las-09-38-43_066dcf8f\/\" data-orig-file=\"https:\/\/eldiariodesanpedro.com.ar\/sitio\/wp-content\/uploads\/2025\/09\/Imagen-de-WhatsApp-2025-09-23-a-las-09.38.43_066dcf8f.jpg\" data-orig-size=\"630,630\" data-comments-opened=\"0\" data-image-meta=\"{&quot;aperture&quot;:&quot;0&quot;,&quot;credit&quot;:&quot;&quot;,&quot;camera&quot;:&quot;&quot;,&quot;caption&quot;:&quot;&quot;,&quot;created_timestamp&quot;:&quot;0&quot;,&quot;copyright&quot;:&quot;&quot;,&quot;focal_length&quot;:&quot;0&quot;,&quot;iso&quot;:&quot;0&quot;,&quot;shutter_speed&quot;:&quot;0&quot;,&quot;title&quot;:&quot;&quot;,&quot;orientation&quot;:&quot;0&quot;}\" data-image-title=\"Imagen de WhatsApp 2025-09-23 a las 09.38.43_066dcf8f\" data-image-description=\"\" data-image-caption=\"\" data-large-file=\"https:\/\/eldiariodesanpedro.com.ar\/sitio\/wp-content\/uploads\/2025\/09\/Imagen-de-WhatsApp-2025-09-23-a-las-09.38.43_066dcf8f.jpg\" data-src=\"https:\/\/eldiariodesanpedro.com.ar\/sitio\/wp-content\/uploads\/2025\/09\/Imagen-de-WhatsApp-2025-09-23-a-las-09.38.43_066dcf8f.jpg\" alt=\"\" class=\"wp-image-143791 lazyload\" data-srcset=\"https:\/\/eldiariodesanpedro.com.ar\/sitio\/wp-content\/uploads\/2025\/09\/Imagen-de-WhatsApp-2025-09-23-a-las-09.38.43_066dcf8f.jpg 630w, https:\/\/eldiariodesanpedro.com.ar\/sitio\/wp-content\/uploads\/2025\/09\/Imagen-de-WhatsApp-2025-09-23-a-las-09.38.43_066dcf8f-300x300.jpg 300w, https:\/\/eldiariodesanpedro.com.ar\/sitio\/wp-content\/uploads\/2025\/09\/Imagen-de-WhatsApp-2025-09-23-a-las-09.38.43_066dcf8f-150x150.jpg 150w\" data-sizes=\"(max-width: 630px) 100vw, 630px\" src=\"data:image\/svg+xml;base64,PHN2ZyB3aWR0aD0iMSIgaGVpZ2h0PSIxIiB4bWxucz0iaHR0cDovL3d3dy53My5vcmcvMjAwMC9zdmciPjwvc3ZnPg==\" style=\"--smush-placeholder-width: 630px; --smush-placeholder-aspect-ratio: 630\/630;\" \/><\/figure>\n","protected":false},"excerpt":{"rendered":"<p>El Registro Provincial y la Municipalidad llevar\u00e1n adelante un nuevo Operativo DNI en localidades del partido del 6 al 9 de octubre. La Municipalidad, junto con el Registro Provincial de las Personas del Gobierno de la Provincia de Buenos Aires, llevar\u00e1 adelante un nuevo Operativo DNI en diferentes localidades del partido, acercando la posibilidad de [&hellip;]<\/p>\n","protected":false},"author":4,"featured_media":143790,"comment_status":"closed","ping_status":"closed","sticky":false,"template":"","format":"standard","meta":{"om_disable_all_campaigns":false,"_jetpack_memberships_contains_paid_content":false,"footnotes":""},"categories":[101,2],"tags":[6283,6280,6281,6282],"class_list":["post-143789","post","type-post","status-publish","format-standard","has-post-thumbnail","hentry","category-interes-general-locales","category-locales","tag-localidades-san-pedro","tag-operativo-dni-san-pedro","tag-registro-provincial-de-las-personas","tag-tramites-de-documentacion-buenos-aires"],"aioseo_notices":[],"gutentor_comment":0,"jetpack_featured_media_url":"https:\/\/eldiariodesanpedro.com.ar\/sitio\/wp-content\/uploads\/2025\/09\/WhatsApp-Image-2023-10-02-at-17.06.15.jpeg","jetpack_shortlink":"https:\/\/wp.me\/p6RhLt-Bpb","jetpack_sharing_enabled":true,"_links":{"self":[{"href":"https:\/\/eldiariodesanpedro.com.ar\/sitio\/wp-json\/wp\/v2\/posts\/143789","targetHints":{"allow":["GET"]}}],"collection":[{"href":"https:\/\/eldiariodesanpedro.com.ar\/sitio\/wp-json\/wp\/v2\/posts"}],"about":[{"href":"https:\/\/eldiariodesanpedro.com.ar\/sitio\/wp-json\/wp\/v2\/types\/post"}],"author":[{"embeddable":true,"href":"https:\/\/eldiariodesanpedro.com.ar\/sitio\/wp-json\/wp\/v2\/users\/4"}],"replies":[{"embeddable":true,"href":"https:\/\/eldiariodesanpedro.com.ar\/sitio\/wp-json\/wp\/v2\/comments?post=143789"}],"version-history":[{"count":1,"href":"https:\/\/eldiariodesanpedro.com.ar\/sitio\/wp-json\/wp\/v2\/posts\/143789\/revisions"}],"predecessor-version":[{"id":143792,"href":"https:\/\/eldiariodesanpedro.com.ar\/sitio\/wp-json\/wp\/v2\/posts\/143789\/revisions\/143792"}],"wp:featuredmedia":[{"embeddable":true,"href":"https:\/\/eldiariodesanpedro.com.ar\/sitio\/wp-json\/wp\/v2\/media\/143790"}],"wp:attachment":[{"href":"https:\/\/eldiariodesanpedro.com.ar\/sitio\/wp-json\/wp\/v2\/media?parent=143789"}],"wp:term":[{"taxonomy":"category","embeddable":true,"href":"https:\/\/eldiariodesanpedro.com.ar\/sitio\/wp-json\/wp\/v2\/categories?post=143789"},{"taxonomy":"post_tag","embeddable":true,"href":"https:\/\/eldiariodesanpedro.com.ar\/sitio\/wp-json\/wp\/v2\/tags?post=143789"}],"curies":[{"name":"wp","href":"https:\/\/api.w.org\/{rel}","templated":true}]}}