{"id":143781,"date":"2025-09-23T11:22:02","date_gmt":"2025-09-23T14:22:02","guid":{"rendered":"https:\/\/eldiariodesanpedro.com.ar\/sitio\/?p=143781"},"modified":"2026-01-24T00:47:20","modified_gmt":"2026-01-24T03:47:20","slug":"fallecio-juan-alberto-da-costa-a-los-65-anos","status":"publish","type":"post","link":"https:\/\/eldiariodesanpedro.com.ar\/sitio\/fallecio-juan-alberto-da-costa-a-los-65-anos\/","title":{"rendered":"Falleci\u00f3 Juan Alberto Da Costa a los 65 a\u00f1os"},"content":{"rendered":"<!-- VideographyWP Plugin Message: Automatic video embedding prevented by plugin options. -->\n\n<p>Falleci\u00f3 Juan Alberto Da Costa a los 65 a\u00f1os. El servicio se realiza en la sala velatoria N\u00b0 4 de COOPSER hasta el martes 23 de septiembre.<\/p>\n\n\n\n<p><strong>Juan Alberto Da Costa<\/strong>, de <strong>65 a\u00f1os<\/strong>, falleci\u00f3 en las \u00faltimas horas. Sus restos son velados en la <strong>Sala N\u00b0 4 de COOPSER Servicios Sociales<\/strong>, ubicada en <strong>3 de Febrero 1475 \u2013 San Pedro<\/strong>.<br>El <strong>servicio velatorio se extender\u00e1 hasta las 12:00 horas del martes 23 de septiembre de 2025<\/strong>.<\/p>\n\n\n\n<p>#Fallecimiento #Obituario #SanPedro #COOPSER #ServiciosSociales<\/p>\n","protected":false},"excerpt":{"rendered":"<p>Falleci\u00f3 Juan Alberto Da Costa a los 65 a\u00f1os. El servicio se realiza en la sala velatoria N\u00b0 4 de COOPSER hasta el martes 23 de septiembre. Juan Alberto Da Costa, de 65 a\u00f1os, falleci\u00f3 en las \u00faltimas horas. Sus restos son velados en la Sala N\u00b0 4 de COOPSER Servicios Sociales, ubicada en 3 [&hellip;]<\/p>\n","protected":false},"author":4,"featured_media":113757,"comment_status":"closed","ping_status":"closed","sticky":false,"template":"","format":"standard","meta":{"om_disable_all_campaigns":false,"_jetpack_memberships_contains_paid_content":false,"footnotes":""},"categories":[8424],"tags":[5113,6274,6275,6097,5111],"class_list":["post-143781","post","type-post","status-publish","format-standard","has-post-thumbnail","hentry","category-necrologicas","tag-coopser-servicios-sociales","tag-fallecio-juan-alberto-da-costa","tag-obituarios-san-pedro","tag-servicio-velatorio","tag-velatorio-san-pedro"],"aioseo_notices":[],"gutentor_comment":0,"jetpack_featured_media_url":"https:\/\/eldiariodesanpedro.com.ar\/sitio\/wp-content\/uploads\/2023\/01\/necrologicas.jpg","jetpack_shortlink":"https:\/\/wp.me\/p6RhLt-Bp3","jetpack_sharing_enabled":true,"_links":{"self":[{"href":"https:\/\/eldiariodesanpedro.com.ar\/sitio\/wp-json\/wp\/v2\/posts\/143781","targetHints":{"allow":["GET"]}}],"collection":[{"href":"https:\/\/eldiariodesanpedro.com.ar\/sitio\/wp-json\/wp\/v2\/posts"}],"about":[{"href":"https:\/\/eldiariodesanpedro.com.ar\/sitio\/wp-json\/wp\/v2\/types\/post"}],"author":[{"embeddable":true,"href":"https:\/\/eldiariodesanpedro.com.ar\/sitio\/wp-json\/wp\/v2\/users\/4"}],"replies":[{"embeddable":true,"href":"https:\/\/eldiariodesanpedro.com.ar\/sitio\/wp-json\/wp\/v2\/comments?post=143781"}],"version-history":[{"count":1,"href":"https:\/\/eldiariodesanpedro.com.ar\/sitio\/wp-json\/wp\/v2\/posts\/143781\/revisions"}],"predecessor-version":[{"id":143782,"href":"https:\/\/eldiariodesanpedro.com.ar\/sitio\/wp-json\/wp\/v2\/posts\/143781\/revisions\/143782"}],"wp:featuredmedia":[{"embeddable":true,"href":"https:\/\/eldiariodesanpedro.com.ar\/sitio\/wp-json\/wp\/v2\/media\/113757"}],"wp:attachment":[{"href":"https:\/\/eldiariodesanpedro.com.ar\/sitio\/wp-json\/wp\/v2\/media?parent=143781"}],"wp:term":[{"taxonomy":"category","embeddable":true,"href":"https:\/\/eldiariodesanpedro.com.ar\/sitio\/wp-json\/wp\/v2\/categories?post=143781"},{"taxonomy":"post_tag","embeddable":true,"href":"https:\/\/eldiariodesanpedro.com.ar\/sitio\/wp-json\/wp\/v2\/tags?post=143781"}],"curies":[{"name":"wp","href":"https:\/\/api.w.org\/{rel}","templated":true}]}}