{"id":143777,"date":"2025-09-23T09:59:38","date_gmt":"2025-09-23T12:59:38","guid":{"rendered":"https:\/\/eldiariodesanpedro.com.ar\/sitio\/?p=143777"},"modified":"2026-01-24T00:47:22","modified_gmt":"2026-01-24T03:47:22","slug":"fallecio-santos-oscar-martinez-a-los-92-anos","status":"publish","type":"post","link":"https:\/\/eldiariodesanpedro.com.ar\/sitio\/fallecio-santos-oscar-martinez-a-los-92-anos\/","title":{"rendered":"Falleci\u00f3 Santos Oscar Mart\u00ednez a los 92 a\u00f1os"},"content":{"rendered":"<!-- VideographyWP Plugin Message: Automatic video embedding prevented by plugin options. -->\n\n<p><strong>Santos Oscar Mart\u00ednez<\/strong>, de <strong>92 a\u00f1os<\/strong>, falleci\u00f3 y sus restos son velados en la <strong>Sala N\u00b0 1<\/strong> de <strong>Coopser Servicios Sociales<\/strong>, ubicada en <strong>Sarmiento 536, Santa Luc\u00eda<\/strong>.<br>El servicio se extender\u00e1 <strong>hasta las 10:00 del martes 23 de septiembre de 2025<\/strong>.<\/p>\n\n\n\n<p>Fallecimiento #Obituario #Coopser #SantaLuc\u00eda<\/p>\n","protected":false},"excerpt":{"rendered":"<p>Santos Oscar Mart\u00ednez, de 92 a\u00f1os, falleci\u00f3 y sus restos son velados en la Sala N\u00b0 1 de Coopser Servicios Sociales, ubicada en Sarmiento 536, Santa Luc\u00eda.El servicio se extender\u00e1 hasta las 10:00 del martes 23 de septiembre de 2025. Fallecimiento #Obituario #Coopser #SantaLuc\u00eda<\/p>\n","protected":false},"author":4,"featured_media":113757,"comment_status":"closed","ping_status":"closed","sticky":false,"template":"","format":"standard","meta":{"om_disable_all_campaigns":false,"_jetpack_memberships_contains_paid_content":false,"footnotes":""},"categories":[8424],"tags":[5113,6270,6269,6271],"class_list":["post-143777","post","type-post","status-publish","format-standard","has-post-thumbnail","hentry","category-necrologicas","tag-coopser-servicios-sociales","tag-fallecio-santos-oscar-martinez","tag-obituario-santa-lucia","tag-velatorio-sala"],"aioseo_notices":[],"gutentor_comment":0,"jetpack_featured_media_url":"https:\/\/eldiariodesanpedro.com.ar\/sitio\/wp-content\/uploads\/2023\/01\/necrologicas.jpg","jetpack_shortlink":"https:\/\/wp.me\/p6RhLt-BoZ","jetpack_sharing_enabled":true,"_links":{"self":[{"href":"https:\/\/eldiariodesanpedro.com.ar\/sitio\/wp-json\/wp\/v2\/posts\/143777","targetHints":{"allow":["GET"]}}],"collection":[{"href":"https:\/\/eldiariodesanpedro.com.ar\/sitio\/wp-json\/wp\/v2\/posts"}],"about":[{"href":"https:\/\/eldiariodesanpedro.com.ar\/sitio\/wp-json\/wp\/v2\/types\/post"}],"author":[{"embeddable":true,"href":"https:\/\/eldiariodesanpedro.com.ar\/sitio\/wp-json\/wp\/v2\/users\/4"}],"replies":[{"embeddable":true,"href":"https:\/\/eldiariodesanpedro.com.ar\/sitio\/wp-json\/wp\/v2\/comments?post=143777"}],"version-history":[{"count":1,"href":"https:\/\/eldiariodesanpedro.com.ar\/sitio\/wp-json\/wp\/v2\/posts\/143777\/revisions"}],"predecessor-version":[{"id":143778,"href":"https:\/\/eldiariodesanpedro.com.ar\/sitio\/wp-json\/wp\/v2\/posts\/143777\/revisions\/143778"}],"wp:featuredmedia":[{"embeddable":true,"href":"https:\/\/eldiariodesanpedro.com.ar\/sitio\/wp-json\/wp\/v2\/media\/113757"}],"wp:attachment":[{"href":"https:\/\/eldiariodesanpedro.com.ar\/sitio\/wp-json\/wp\/v2\/media?parent=143777"}],"wp:term":[{"taxonomy":"category","embeddable":true,"href":"https:\/\/eldiariodesanpedro.com.ar\/sitio\/wp-json\/wp\/v2\/categories?post=143777"},{"taxonomy":"post_tag","embeddable":true,"href":"https:\/\/eldiariodesanpedro.com.ar\/sitio\/wp-json\/wp\/v2\/tags?post=143777"}],"curies":[{"name":"wp","href":"https:\/\/api.w.org\/{rel}","templated":true}]}}