{"id":143768,"date":"2025-09-22T16:39:20","date_gmt":"2025-09-22T19:39:20","guid":{"rendered":"https:\/\/eldiariodesanpedro.com.ar\/sitio\/?p=143768"},"modified":"2025-09-22T16:39:25","modified_gmt":"2025-09-22T19:39:25","slug":"el-intendente-cecilio-salazar-recibio-a-los-atletas-aaron-mindurry-y-candela-basaldua","status":"publish","type":"post","link":"https:\/\/eldiariodesanpedro.com.ar\/sitio\/el-intendente-cecilio-salazar-recibio-a-los-atletas-aaron-mindurry-y-candela-basaldua\/","title":{"rendered":"El Intendente Cecilio Salazar recibi\u00f3 a los atletas Aaron Mindurry y Candela Basald\u00faa"},"content":{"rendered":"<!-- VideographyWP Plugin Message: Automatic video embedding prevented by plugin options. -->\n\n<p>El <strong>Intendente Cecilio Salazar<\/strong> recibi\u00f3 en su despacho a los j\u00f3venes atletas <strong>Aaron Mindurry y Candela Basald\u00faa<\/strong>, quienes representaron a San Pedro en el <strong>Campeonato Nacional U20 de Atletismo<\/strong>.<\/p>\n\n\n\n<p>En el encuentro estuvieron presentes el <strong>secretario de Turismo, Cultura, Deportes y Educaci\u00f3n, Mariano Arnal<\/strong>, el <strong>director de Deportes, Valent\u00edn Bravo<\/strong>, y la <strong>profesora Lourdes Dalingher<\/strong>, quienes acompa\u00f1an el desarrollo deportivo de la ciudad.<\/p>\n\n\n\n<p>Los atletas, que forman parte de la <strong>Escuela Municipal de Atletismo<\/strong>, compartieron sus experiencias en la competencia. <strong>Candela Basald\u00faa brill\u00f3 en la pista<\/strong>, consagr\u00e1ndose <strong>campeona nacional en 400 metros con vallas<\/strong>, <strong>subcampeona en 400 metros llanos<\/strong> y <strong>campeona en la posta 4&#215;400<\/strong>, adem\u00e1s de participar en los 200 metros llanos.<\/p>\n\n\n\n<p>Por su parte, <strong>Aaron Mindurry alcanz\u00f3 su mejor marca personal en los 110 metros con vallas (16.67 segundos)<\/strong>. Con dos a\u00f1os m\u00e1s dentro de la categor\u00eda U20, ya est\u00e1 habilitado para competir en Mayores, consolid\u00e1ndose como una de las promesas del atletismo local.<\/p>\n\n\n\n<p>La participaci\u00f3n de ambos j\u00f3venes refleja el <strong>trabajo constante de la Escuela Municipal de Atletismo<\/strong>, que sigue formando deportistas que representan a la ciudad en las competencias m\u00e1s importantes del pa\u00eds.<\/p>\n\n\n\n<p>#Atletismo #SanPedroDeportes #EscuelaMunicipalDeAtletismo #CecilioSalazar #CandelaBasaldua #AaronMindurry<\/p>\n\n\n\n<div class=\"wp-block-jetpack-slideshow aligncenter\" data-effect=\"slide\"><div class=\"wp-block-jetpack-slideshow_container swiper-container\"><ul class=\"wp-block-jetpack-slideshow_swiper-wrapper swiper-wrapper\"><li class=\"wp-block-jetpack-slideshow_slide swiper-slide\"><figure><img decoding=\"async\" width=\"946\" height=\"630\" alt=\"\" class=\"wp-block-jetpack-slideshow_image wp-image-143773 lazyload\" data-id=\"143773\" data-src=\"https:\/\/eldiariodesanpedro.com.ar\/sitio\/wp-content\/uploads\/2025\/09\/Imagen-de-WhatsApp-2025-09-22-a-las-16.13.43_c6039e6d.jpg\" data-srcset=\"https:\/\/eldiariodesanpedro.com.ar\/sitio\/wp-content\/uploads\/2025\/09\/Imagen-de-WhatsApp-2025-09-22-a-las-16.13.43_c6039e6d.jpg 946w, https:\/\/eldiariodesanpedro.com.ar\/sitio\/wp-content\/uploads\/2025\/09\/Imagen-de-WhatsApp-2025-09-22-a-las-16.13.43_c6039e6d-300x200.jpg 300w, https:\/\/eldiariodesanpedro.com.ar\/sitio\/wp-content\/uploads\/2025\/09\/Imagen-de-WhatsApp-2025-09-22-a-las-16.13.43_c6039e6d-768x511.jpg 768w\" data-sizes=\"(max-width: 946px) 100vw, 946px\" src=\"data:image\/svg+xml;base64,PHN2ZyB3aWR0aD0iMSIgaGVpZ2h0PSIxIiB4bWxucz0iaHR0cDovL3d3dy53My5vcmcvMjAwMC9zdmciPjwvc3ZnPg==\" style=\"--smush-placeholder-width: 946px; --smush-placeholder-aspect-ratio: 946\/630;\" \/><\/figure><\/li><li class=\"wp-block-jetpack-slideshow_slide swiper-slide\"><figure><img decoding=\"async\" width=\"946\" height=\"630\" alt=\"\" class=\"wp-block-jetpack-slideshow_image wp-image-143771 lazyload\" data-id=\"143771\" data-src=\"https:\/\/eldiariodesanpedro.com.ar\/sitio\/wp-content\/uploads\/2025\/09\/Imagen-de-WhatsApp-2025-09-22-a-las-16.13.42_29548828.jpg\" data-srcset=\"https:\/\/eldiariodesanpedro.com.ar\/sitio\/wp-content\/uploads\/2025\/09\/Imagen-de-WhatsApp-2025-09-22-a-las-16.13.42_29548828.jpg 946w, https:\/\/eldiariodesanpedro.com.ar\/sitio\/wp-content\/uploads\/2025\/09\/Imagen-de-WhatsApp-2025-09-22-a-las-16.13.42_29548828-300x200.jpg 300w, https:\/\/eldiariodesanpedro.com.ar\/sitio\/wp-content\/uploads\/2025\/09\/Imagen-de-WhatsApp-2025-09-22-a-las-16.13.42_29548828-768x511.jpg 768w\" data-sizes=\"(max-width: 946px) 100vw, 946px\" src=\"data:image\/svg+xml;base64,PHN2ZyB3aWR0aD0iMSIgaGVpZ2h0PSIxIiB4bWxucz0iaHR0cDovL3d3dy53My5vcmcvMjAwMC9zdmciPjwvc3ZnPg==\" style=\"--smush-placeholder-width: 946px; --smush-placeholder-aspect-ratio: 946\/630;\" \/><\/figure><\/li><li class=\"wp-block-jetpack-slideshow_slide swiper-slide\"><figure><img decoding=\"async\" width=\"946\" height=\"630\" alt=\"\" class=\"wp-block-jetpack-slideshow_image wp-image-143770 lazyload\" data-id=\"143770\" data-src=\"https:\/\/eldiariodesanpedro.com.ar\/sitio\/wp-content\/uploads\/2025\/09\/Imagen-de-WhatsApp-2025-09-22-a-las-16.13.42_1e9048aa.jpg\" data-srcset=\"https:\/\/eldiariodesanpedro.com.ar\/sitio\/wp-content\/uploads\/2025\/09\/Imagen-de-WhatsApp-2025-09-22-a-las-16.13.42_1e9048aa.jpg 946w, https:\/\/eldiariodesanpedro.com.ar\/sitio\/wp-content\/uploads\/2025\/09\/Imagen-de-WhatsApp-2025-09-22-a-las-16.13.42_1e9048aa-300x200.jpg 300w, https:\/\/eldiariodesanpedro.com.ar\/sitio\/wp-content\/uploads\/2025\/09\/Imagen-de-WhatsApp-2025-09-22-a-las-16.13.42_1e9048aa-768x511.jpg 768w\" data-sizes=\"(max-width: 946px) 100vw, 946px\" src=\"data:image\/svg+xml;base64,PHN2ZyB3aWR0aD0iMSIgaGVpZ2h0PSIxIiB4bWxucz0iaHR0cDovL3d3dy53My5vcmcvMjAwMC9zdmciPjwvc3ZnPg==\" style=\"--smush-placeholder-width: 946px; --smush-placeholder-aspect-ratio: 946\/630;\" \/><\/figure><\/li><li class=\"wp-block-jetpack-slideshow_slide swiper-slide\"><figure><img decoding=\"async\" width=\"946\" height=\"630\" alt=\"\" class=\"wp-block-jetpack-slideshow_image wp-image-143769 lazyload\" data-id=\"143769\" data-src=\"https:\/\/eldiariodesanpedro.com.ar\/sitio\/wp-content\/uploads\/2025\/09\/Imagen-de-WhatsApp-2025-09-22-a-las-16.13.41_3941b655.jpg\" data-srcset=\"https:\/\/eldiariodesanpedro.com.ar\/sitio\/wp-content\/uploads\/2025\/09\/Imagen-de-WhatsApp-2025-09-22-a-las-16.13.41_3941b655.jpg 946w, https:\/\/eldiariodesanpedro.com.ar\/sitio\/wp-content\/uploads\/2025\/09\/Imagen-de-WhatsApp-2025-09-22-a-las-16.13.41_3941b655-300x200.jpg 300w, https:\/\/eldiariodesanpedro.com.ar\/sitio\/wp-content\/uploads\/2025\/09\/Imagen-de-WhatsApp-2025-09-22-a-las-16.13.41_3941b655-768x511.jpg 768w\" data-sizes=\"(max-width: 946px) 100vw, 946px\" src=\"data:image\/svg+xml;base64,PHN2ZyB3aWR0aD0iMSIgaGVpZ2h0PSIxIiB4bWxucz0iaHR0cDovL3d3dy53My5vcmcvMjAwMC9zdmciPjwvc3ZnPg==\" style=\"--smush-placeholder-width: 946px; --smush-placeholder-aspect-ratio: 946\/630;\" \/><\/figure><\/li><\/ul><a class=\"wp-block-jetpack-slideshow_button-prev swiper-button-prev swiper-button-white\" role=\"button\"><\/a><a class=\"wp-block-jetpack-slideshow_button-next swiper-button-next swiper-button-white\" role=\"button\"><\/a><a aria-label=\"Pause Slideshow\" class=\"wp-block-jetpack-slideshow_button-pause\" role=\"button\"><\/a><div class=\"wp-block-jetpack-slideshow_pagination swiper-pagination swiper-pagination-white\"><\/div><\/div><\/div>\n","protected":false},"excerpt":{"rendered":"<p>El Intendente Cecilio Salazar recibi\u00f3 en su despacho a los j\u00f3venes atletas Aaron Mindurry y Candela Basald\u00faa, quienes representaron a San Pedro en el Campeonato Nacional U20 de Atletismo. En el encuentro estuvieron presentes el secretario de Turismo, Cultura, Deportes y Educaci\u00f3n, Mariano Arnal, el director de Deportes, Valent\u00edn Bravo, y la profesora Lourdes Dalingher, [&hellip;]<\/p>\n","protected":false},"author":4,"featured_media":143772,"comment_status":"closed","ping_status":"closed","sticky":false,"template":"","format":"standard","meta":{"om_disable_all_campaigns":false,"_jetpack_memberships_contains_paid_content":false,"footnotes":""},"categories":[50,101,2],"tags":[6267,6264,5763,6265,6266,6268],"class_list":["post-143768","post","type-post","status-publish","format-standard","has-post-thumbnail","hentry","category-destacadas","category-interes-general-locales","category-locales","tag-aaron-mindurry-record-personal","tag-atletas-sampedrinos","tag-atletismo-san-pedro","tag-campeonato-nacional-u20","tag-candela-basaldua-campeona","tag-cecilio-salazar-deportes"],"aioseo_notices":[],"gutentor_comment":0,"jetpack_featured_media_url":"https:\/\/eldiariodesanpedro.com.ar\/sitio\/wp-content\/uploads\/2025\/09\/Imagen-de-WhatsApp-2025-09-22-a-las-16.13.42_be1609cd.jpg","jetpack_shortlink":"https:\/\/wp.me\/p6RhLt-BoQ","jetpack_sharing_enabled":true,"_links":{"self":[{"href":"https:\/\/eldiariodesanpedro.com.ar\/sitio\/wp-json\/wp\/v2\/posts\/143768","targetHints":{"allow":["GET"]}}],"collection":[{"href":"https:\/\/eldiariodesanpedro.com.ar\/sitio\/wp-json\/wp\/v2\/posts"}],"about":[{"href":"https:\/\/eldiariodesanpedro.com.ar\/sitio\/wp-json\/wp\/v2\/types\/post"}],"author":[{"embeddable":true,"href":"https:\/\/eldiariodesanpedro.com.ar\/sitio\/wp-json\/wp\/v2\/users\/4"}],"replies":[{"embeddable":true,"href":"https:\/\/eldiariodesanpedro.com.ar\/sitio\/wp-json\/wp\/v2\/comments?post=143768"}],"version-history":[{"count":1,"href":"https:\/\/eldiariodesanpedro.com.ar\/sitio\/wp-json\/wp\/v2\/posts\/143768\/revisions"}],"predecessor-version":[{"id":143774,"href":"https:\/\/eldiariodesanpedro.com.ar\/sitio\/wp-json\/wp\/v2\/posts\/143768\/revisions\/143774"}],"wp:featuredmedia":[{"embeddable":true,"href":"https:\/\/eldiariodesanpedro.com.ar\/sitio\/wp-json\/wp\/v2\/media\/143772"}],"wp:attachment":[{"href":"https:\/\/eldiariodesanpedro.com.ar\/sitio\/wp-json\/wp\/v2\/media?parent=143768"}],"wp:term":[{"taxonomy":"category","embeddable":true,"href":"https:\/\/eldiariodesanpedro.com.ar\/sitio\/wp-json\/wp\/v2\/categories?post=143768"},{"taxonomy":"post_tag","embeddable":true,"href":"https:\/\/eldiariodesanpedro.com.ar\/sitio\/wp-json\/wp\/v2\/tags?post=143768"}],"curies":[{"name":"wp","href":"https:\/\/api.w.org\/{rel}","templated":true}]}}