{"id":143758,"date":"2025-09-22T16:19:13","date_gmt":"2025-09-22T19:19:13","guid":{"rendered":"https:\/\/eldiariodesanpedro.com.ar\/sitio\/?p=143758"},"modified":"2025-09-22T16:19:17","modified_gmt":"2025-09-22T19:19:17","slug":"continua-el-programa-desde-el-aula-en-instituciones-educativas","status":"publish","type":"post","link":"https:\/\/eldiariodesanpedro.com.ar\/sitio\/continua-el-programa-desde-el-aula-en-instituciones-educativas\/","title":{"rendered":"Contin\u00faa el programa \u201cDesde el Aula\u201d en instituciones educativas"},"content":{"rendered":"<!-- VideographyWP Plugin Message: Automatic video embedding prevented by plugin options. -->\n\n<p><strong>El programa piloto \u201cDesde el Aula\u201d sigue creciendo en las escuelas y jardines de la ciudad, con m\u00e1s de 2.500 kilos de material reciclado en apenas 20 d\u00edas.<\/strong><\/p>\n\n\n\n<p>La <strong>Municipalidad de San Pedro<\/strong>, a trav\u00e9s de la <strong>Direcci\u00f3n de Medio Ambiente<\/strong> de la Secretar\u00eda de Producci\u00f3n, Industria y Comercio, contin\u00faa recorriendo las instituciones educativas que participan del programa <strong>\u201cDesde el Aula\u201d<\/strong>, acompa\u00f1ando a alumnos y docentes en la recolecci\u00f3n de materiales reciclables.<\/p>\n\n\n\n<p>En esta nueva jornada, el secretario <strong>Ariel \u00c1lvarez<\/strong>, el director de Ambiente <strong>Gustavo Sol\u00e1<\/strong>, junto al equipo del \u00e1rea y los recuperadores, realizaron el retiro del material y sumaron los puntos correspondientes. Entre los resultados destacados, la <strong>Casa del Ni\u00f1o Paula Albarrac\u00edn<\/strong> reuni\u00f3 <strong>45 kilos<\/strong> y 15 puntos en tapitas, la <strong>Escuela Primaria N\u00b0 7<\/strong> aport\u00f3 <strong>84 kilos<\/strong> y 35 puntos, el <strong>Jard\u00edn N\u00b0 919 Hero\u00ednas de Malvinas<\/strong> junt\u00f3 <strong>72 kilos<\/strong>, y el <strong>Jard\u00edn Municipal N\u00b0 3 Sor Teresa de Calcuta<\/strong> alcanz\u00f3 <strong>18 kilos<\/strong>.<\/p>\n\n\n\n<p>Actualmente, <strong>16 instituciones forman parte de esta prueba piloto<\/strong>, que se extender\u00e1 hasta el cierre del ciclo lectivo 2025. El objetivo es <strong>fortalecer la educaci\u00f3n ambiental, promover la separaci\u00f3n en origen y fomentar la econom\u00eda circular<\/strong>. Desde su inicio, la iniciativa ya super\u00f3 los <strong>2.500 kilos de materiales recuperados<\/strong>, lo que representa un avance significativo hacia una <strong>gesti\u00f3n ambiental m\u00e1s sustentable<\/strong>.<\/p>\n\n\n\n<p>En esta primera etapa, los establecimientos con mayor participaci\u00f3n y resultados son la <strong>Escuela Primaria N\u00b0 7<\/strong>, con <strong>1.011 kilos<\/strong> y 146,1 puntos; el <strong>Jard\u00edn N\u00b0 919 Hero\u00ednas de Malvinas<\/strong>, con <strong>440 kilos<\/strong> y 69 puntos; y el <strong>Jard\u00edn Municipal N\u00b0 4 Frutillitas<\/strong>, con <strong>239 kilos<\/strong> y 73,9 puntos.<\/p>\n\n\n\n<p>Este programa reafirma el compromiso de la comunidad educativa y municipal en el cuidado del medio ambiente y la construcci\u00f3n de un futuro m\u00e1s sustentable.<\/p>\n\n\n\n<p>MedioAmbiente #DesdeElAula #SanPedroRecicla #Educaci\u00f3nAmbiental #Econom\u00edaCircular #EscuelasVerdes #Reciclaje<\/p>\n\n\n\n<div class=\"wp-block-jetpack-slideshow aligncenter\" data-effect=\"slide\"><div class=\"wp-block-jetpack-slideshow_container swiper-container\"><ul class=\"wp-block-jetpack-slideshow_swiper-wrapper swiper-wrapper\"><li class=\"wp-block-jetpack-slideshow_slide swiper-slide\"><figure><img decoding=\"async\" width=\"946\" height=\"630\" alt=\"\" class=\"wp-block-jetpack-slideshow_image wp-image-143766 lazyload\" data-id=\"143766\" data-src=\"https:\/\/eldiariodesanpedro.com.ar\/sitio\/wp-content\/uploads\/2025\/09\/Imagen-de-WhatsApp-2025-09-22-a-las-14.03.34_b120c9b1.jpg\" data-srcset=\"https:\/\/eldiariodesanpedro.com.ar\/sitio\/wp-content\/uploads\/2025\/09\/Imagen-de-WhatsApp-2025-09-22-a-las-14.03.34_b120c9b1.jpg 946w, https:\/\/eldiariodesanpedro.com.ar\/sitio\/wp-content\/uploads\/2025\/09\/Imagen-de-WhatsApp-2025-09-22-a-las-14.03.34_b120c9b1-300x200.jpg 300w, https:\/\/eldiariodesanpedro.com.ar\/sitio\/wp-content\/uploads\/2025\/09\/Imagen-de-WhatsApp-2025-09-22-a-las-14.03.34_b120c9b1-768x511.jpg 768w\" data-sizes=\"(max-width: 946px) 100vw, 946px\" src=\"data:image\/svg+xml;base64,PHN2ZyB3aWR0aD0iMSIgaGVpZ2h0PSIxIiB4bWxucz0iaHR0cDovL3d3dy53My5vcmcvMjAwMC9zdmciPjwvc3ZnPg==\" style=\"--smush-placeholder-width: 946px; --smush-placeholder-aspect-ratio: 946\/630;\" \/><\/figure><\/li><li class=\"wp-block-jetpack-slideshow_slide swiper-slide\"><figure><img decoding=\"async\" width=\"946\" height=\"630\" alt=\"\" class=\"wp-block-jetpack-slideshow_image wp-image-143765 lazyload\" data-id=\"143765\" data-src=\"https:\/\/eldiariodesanpedro.com.ar\/sitio\/wp-content\/uploads\/2025\/09\/Imagen-de-WhatsApp-2025-09-22-a-las-14.03.34_2a281e6f.jpg\" data-srcset=\"https:\/\/eldiariodesanpedro.com.ar\/sitio\/wp-content\/uploads\/2025\/09\/Imagen-de-WhatsApp-2025-09-22-a-las-14.03.34_2a281e6f.jpg 946w, https:\/\/eldiariodesanpedro.com.ar\/sitio\/wp-content\/uploads\/2025\/09\/Imagen-de-WhatsApp-2025-09-22-a-las-14.03.34_2a281e6f-300x200.jpg 300w, https:\/\/eldiariodesanpedro.com.ar\/sitio\/wp-content\/uploads\/2025\/09\/Imagen-de-WhatsApp-2025-09-22-a-las-14.03.34_2a281e6f-768x511.jpg 768w\" data-sizes=\"(max-width: 946px) 100vw, 946px\" src=\"data:image\/svg+xml;base64,PHN2ZyB3aWR0aD0iMSIgaGVpZ2h0PSIxIiB4bWxucz0iaHR0cDovL3d3dy53My5vcmcvMjAwMC9zdmciPjwvc3ZnPg==\" style=\"--smush-placeholder-width: 946px; --smush-placeholder-aspect-ratio: 946\/630;\" \/><\/figure><\/li><li class=\"wp-block-jetpack-slideshow_slide swiper-slide\"><figure><img decoding=\"async\" width=\"946\" height=\"630\" alt=\"\" class=\"wp-block-jetpack-slideshow_image wp-image-143764 lazyload\" data-id=\"143764\" data-src=\"https:\/\/eldiariodesanpedro.com.ar\/sitio\/wp-content\/uploads\/2025\/09\/Imagen-de-WhatsApp-2025-09-22-a-las-14.03.33_f4b2859d.jpg\" data-srcset=\"https:\/\/eldiariodesanpedro.com.ar\/sitio\/wp-content\/uploads\/2025\/09\/Imagen-de-WhatsApp-2025-09-22-a-las-14.03.33_f4b2859d.jpg 946w, https:\/\/eldiariodesanpedro.com.ar\/sitio\/wp-content\/uploads\/2025\/09\/Imagen-de-WhatsApp-2025-09-22-a-las-14.03.33_f4b2859d-300x200.jpg 300w, https:\/\/eldiariodesanpedro.com.ar\/sitio\/wp-content\/uploads\/2025\/09\/Imagen-de-WhatsApp-2025-09-22-a-las-14.03.33_f4b2859d-768x511.jpg 768w\" data-sizes=\"(max-width: 946px) 100vw, 946px\" src=\"data:image\/svg+xml;base64,PHN2ZyB3aWR0aD0iMSIgaGVpZ2h0PSIxIiB4bWxucz0iaHR0cDovL3d3dy53My5vcmcvMjAwMC9zdmciPjwvc3ZnPg==\" style=\"--smush-placeholder-width: 946px; --smush-placeholder-aspect-ratio: 946\/630;\" \/><\/figure><\/li><li class=\"wp-block-jetpack-slideshow_slide swiper-slide\"><figure><img decoding=\"async\" width=\"946\" height=\"630\" alt=\"\" class=\"wp-block-jetpack-slideshow_image wp-image-143763 lazyload\" data-id=\"143763\" data-src=\"https:\/\/eldiariodesanpedro.com.ar\/sitio\/wp-content\/uploads\/2025\/09\/Imagen-de-WhatsApp-2025-09-22-a-las-14.03.33_eecc2b7c.jpg\" data-srcset=\"https:\/\/eldiariodesanpedro.com.ar\/sitio\/wp-content\/uploads\/2025\/09\/Imagen-de-WhatsApp-2025-09-22-a-las-14.03.33_eecc2b7c.jpg 946w, https:\/\/eldiariodesanpedro.com.ar\/sitio\/wp-content\/uploads\/2025\/09\/Imagen-de-WhatsApp-2025-09-22-a-las-14.03.33_eecc2b7c-300x200.jpg 300w, https:\/\/eldiariodesanpedro.com.ar\/sitio\/wp-content\/uploads\/2025\/09\/Imagen-de-WhatsApp-2025-09-22-a-las-14.03.33_eecc2b7c-768x511.jpg 768w\" data-sizes=\"(max-width: 946px) 100vw, 946px\" src=\"data:image\/svg+xml;base64,PHN2ZyB3aWR0aD0iMSIgaGVpZ2h0PSIxIiB4bWxucz0iaHR0cDovL3d3dy53My5vcmcvMjAwMC9zdmciPjwvc3ZnPg==\" style=\"--smush-placeholder-width: 946px; --smush-placeholder-aspect-ratio: 946\/630;\" \/><\/figure><\/li><li class=\"wp-block-jetpack-slideshow_slide swiper-slide\"><figure><img decoding=\"async\" width=\"946\" height=\"630\" alt=\"\" class=\"wp-block-jetpack-slideshow_image wp-image-143762 lazyload\" data-id=\"143762\" data-src=\"https:\/\/eldiariodesanpedro.com.ar\/sitio\/wp-content\/uploads\/2025\/09\/Imagen-de-WhatsApp-2025-09-22-a-las-14.03.33_c07e3fee.jpg\" data-srcset=\"https:\/\/eldiariodesanpedro.com.ar\/sitio\/wp-content\/uploads\/2025\/09\/Imagen-de-WhatsApp-2025-09-22-a-las-14.03.33_c07e3fee.jpg 946w, https:\/\/eldiariodesanpedro.com.ar\/sitio\/wp-content\/uploads\/2025\/09\/Imagen-de-WhatsApp-2025-09-22-a-las-14.03.33_c07e3fee-300x200.jpg 300w, https:\/\/eldiariodesanpedro.com.ar\/sitio\/wp-content\/uploads\/2025\/09\/Imagen-de-WhatsApp-2025-09-22-a-las-14.03.33_c07e3fee-768x511.jpg 768w\" data-sizes=\"(max-width: 946px) 100vw, 946px\" src=\"data:image\/svg+xml;base64,PHN2ZyB3aWR0aD0iMSIgaGVpZ2h0PSIxIiB4bWxucz0iaHR0cDovL3d3dy53My5vcmcvMjAwMC9zdmciPjwvc3ZnPg==\" style=\"--smush-placeholder-width: 946px; --smush-placeholder-aspect-ratio: 946\/630;\" \/><\/figure><\/li><li class=\"wp-block-jetpack-slideshow_slide swiper-slide\"><figure><img decoding=\"async\" width=\"946\" height=\"630\" alt=\"\" class=\"wp-block-jetpack-slideshow_image wp-image-143761 lazyload\" data-id=\"143761\" data-src=\"https:\/\/eldiariodesanpedro.com.ar\/sitio\/wp-content\/uploads\/2025\/09\/Imagen-de-WhatsApp-2025-09-22-a-las-14.03.32_a63cbdd1.jpg\" data-srcset=\"https:\/\/eldiariodesanpedro.com.ar\/sitio\/wp-content\/uploads\/2025\/09\/Imagen-de-WhatsApp-2025-09-22-a-las-14.03.32_a63cbdd1.jpg 946w, https:\/\/eldiariodesanpedro.com.ar\/sitio\/wp-content\/uploads\/2025\/09\/Imagen-de-WhatsApp-2025-09-22-a-las-14.03.32_a63cbdd1-300x200.jpg 300w, https:\/\/eldiariodesanpedro.com.ar\/sitio\/wp-content\/uploads\/2025\/09\/Imagen-de-WhatsApp-2025-09-22-a-las-14.03.32_a63cbdd1-768x511.jpg 768w\" data-sizes=\"(max-width: 946px) 100vw, 946px\" src=\"data:image\/svg+xml;base64,PHN2ZyB3aWR0aD0iMSIgaGVpZ2h0PSIxIiB4bWxucz0iaHR0cDovL3d3dy53My5vcmcvMjAwMC9zdmciPjwvc3ZnPg==\" style=\"--smush-placeholder-width: 946px; --smush-placeholder-aspect-ratio: 946\/630;\" \/><\/figure><\/li><li class=\"wp-block-jetpack-slideshow_slide swiper-slide\"><figure><img decoding=\"async\" width=\"946\" height=\"630\" alt=\"\" class=\"wp-block-jetpack-slideshow_image wp-image-143760 lazyload\" data-id=\"143760\" data-src=\"https:\/\/eldiariodesanpedro.com.ar\/sitio\/wp-content\/uploads\/2025\/09\/Imagen-de-WhatsApp-2025-09-22-a-las-14.03.32_4f383ef2.jpg\" data-srcset=\"https:\/\/eldiariodesanpedro.com.ar\/sitio\/wp-content\/uploads\/2025\/09\/Imagen-de-WhatsApp-2025-09-22-a-las-14.03.32_4f383ef2.jpg 946w, https:\/\/eldiariodesanpedro.com.ar\/sitio\/wp-content\/uploads\/2025\/09\/Imagen-de-WhatsApp-2025-09-22-a-las-14.03.32_4f383ef2-300x200.jpg 300w, https:\/\/eldiariodesanpedro.com.ar\/sitio\/wp-content\/uploads\/2025\/09\/Imagen-de-WhatsApp-2025-09-22-a-las-14.03.32_4f383ef2-768x511.jpg 768w\" data-sizes=\"(max-width: 946px) 100vw, 946px\" src=\"data:image\/svg+xml;base64,PHN2ZyB3aWR0aD0iMSIgaGVpZ2h0PSIxIiB4bWxucz0iaHR0cDovL3d3dy53My5vcmcvMjAwMC9zdmciPjwvc3ZnPg==\" style=\"--smush-placeholder-width: 946px; --smush-placeholder-aspect-ratio: 946\/630;\" \/><\/figure><\/li><li class=\"wp-block-jetpack-slideshow_slide swiper-slide\"><figure><img decoding=\"async\" width=\"946\" height=\"630\" alt=\"\" class=\"wp-block-jetpack-slideshow_image wp-image-143759 lazyload\" data-id=\"143759\" data-src=\"https:\/\/eldiariodesanpedro.com.ar\/sitio\/wp-content\/uploads\/2025\/09\/Imagen-de-WhatsApp-2025-09-22-a-las-14.03.31_685d2f32.jpg\" data-srcset=\"https:\/\/eldiariodesanpedro.com.ar\/sitio\/wp-content\/uploads\/2025\/09\/Imagen-de-WhatsApp-2025-09-22-a-las-14.03.31_685d2f32.jpg 946w, https:\/\/eldiariodesanpedro.com.ar\/sitio\/wp-content\/uploads\/2025\/09\/Imagen-de-WhatsApp-2025-09-22-a-las-14.03.31_685d2f32-300x200.jpg 300w, https:\/\/eldiariodesanpedro.com.ar\/sitio\/wp-content\/uploads\/2025\/09\/Imagen-de-WhatsApp-2025-09-22-a-las-14.03.31_685d2f32-768x511.jpg 768w\" data-sizes=\"(max-width: 946px) 100vw, 946px\" src=\"data:image\/svg+xml;base64,PHN2ZyB3aWR0aD0iMSIgaGVpZ2h0PSIxIiB4bWxucz0iaHR0cDovL3d3dy53My5vcmcvMjAwMC9zdmciPjwvc3ZnPg==\" style=\"--smush-placeholder-width: 946px; --smush-placeholder-aspect-ratio: 946\/630;\" \/><\/figure><\/li><\/ul><a class=\"wp-block-jetpack-slideshow_button-prev swiper-button-prev swiper-button-white\" role=\"button\"><\/a><a class=\"wp-block-jetpack-slideshow_button-next swiper-button-next swiper-button-white\" role=\"button\"><\/a><a aria-label=\"Pause Slideshow\" class=\"wp-block-jetpack-slideshow_button-pause\" role=\"button\"><\/a><div class=\"wp-block-jetpack-slideshow_pagination swiper-pagination swiper-pagination-white\"><\/div><\/div><\/div>\n","protected":false},"excerpt":{"rendered":"<p>El programa piloto \u201cDesde el Aula\u201d sigue creciendo en las escuelas y jardines de la ciudad, con m\u00e1s de 2.500 kilos de material reciclado en apenas 20 d\u00edas. La Municipalidad de San Pedro, a trav\u00e9s de la Direcci\u00f3n de Medio Ambiente de la Secretar\u00eda de Producci\u00f3n, Industria y Comercio, contin\u00faa recorriendo las instituciones educativas que [&hellip;]<\/p>\n","protected":false},"author":4,"featured_media":143765,"comment_status":"closed","ping_status":"closed","sticky":false,"template":"","format":"standard","meta":{"om_disable_all_campaigns":false,"_jetpack_memberships_contains_paid_content":false,"footnotes":""},"categories":[101,2],"tags":[6260,4111,4053,6262,3758,6263,6261],"class_list":["post-143758","post","type-post","status-publish","format-standard","has-post-thumbnail","hentry","category-interes-general-locales","category-locales","tag-desde-el-aula","tag-economia-circular","tag-educacion-ambiental","tag-escuelas-sustentables","tag-municipalidad-de-san-pedro","tag-programa-ambiental","tag-san-pedro-reciclaje"],"aioseo_notices":[],"gutentor_comment":0,"jetpack_featured_media_url":"https:\/\/eldiariodesanpedro.com.ar\/sitio\/wp-content\/uploads\/2025\/09\/Imagen-de-WhatsApp-2025-09-22-a-las-14.03.34_2a281e6f.jpg","jetpack_shortlink":"https:\/\/wp.me\/p6RhLt-BoG","jetpack_sharing_enabled":true,"_links":{"self":[{"href":"https:\/\/eldiariodesanpedro.com.ar\/sitio\/wp-json\/wp\/v2\/posts\/143758","targetHints":{"allow":["GET"]}}],"collection":[{"href":"https:\/\/eldiariodesanpedro.com.ar\/sitio\/wp-json\/wp\/v2\/posts"}],"about":[{"href":"https:\/\/eldiariodesanpedro.com.ar\/sitio\/wp-json\/wp\/v2\/types\/post"}],"author":[{"embeddable":true,"href":"https:\/\/eldiariodesanpedro.com.ar\/sitio\/wp-json\/wp\/v2\/users\/4"}],"replies":[{"embeddable":true,"href":"https:\/\/eldiariodesanpedro.com.ar\/sitio\/wp-json\/wp\/v2\/comments?post=143758"}],"version-history":[{"count":1,"href":"https:\/\/eldiariodesanpedro.com.ar\/sitio\/wp-json\/wp\/v2\/posts\/143758\/revisions"}],"predecessor-version":[{"id":143767,"href":"https:\/\/eldiariodesanpedro.com.ar\/sitio\/wp-json\/wp\/v2\/posts\/143758\/revisions\/143767"}],"wp:featuredmedia":[{"embeddable":true,"href":"https:\/\/eldiariodesanpedro.com.ar\/sitio\/wp-json\/wp\/v2\/media\/143765"}],"wp:attachment":[{"href":"https:\/\/eldiariodesanpedro.com.ar\/sitio\/wp-json\/wp\/v2\/media?parent=143758"}],"wp:term":[{"taxonomy":"category","embeddable":true,"href":"https:\/\/eldiariodesanpedro.com.ar\/sitio\/wp-json\/wp\/v2\/categories?post=143758"},{"taxonomy":"post_tag","embeddable":true,"href":"https:\/\/eldiariodesanpedro.com.ar\/sitio\/wp-json\/wp\/v2\/tags?post=143758"}],"curies":[{"name":"wp","href":"https:\/\/api.w.org\/{rel}","templated":true}]}}