{"id":143725,"date":"2025-09-22T09:45:38","date_gmt":"2025-09-22T12:45:38","guid":{"rendered":"https:\/\/eldiariodesanpedro.com.ar\/sitio\/?p=143725"},"modified":"2025-09-22T09:45:43","modified_gmt":"2025-09-22T12:45:43","slug":"aprehendieron-a-un-joven-de-25-anos-en-estado-de-ebriedad-tras-alterar-el-orden-publico","status":"publish","type":"post","link":"https:\/\/eldiariodesanpedro.com.ar\/sitio\/aprehendieron-a-un-joven-de-25-anos-en-estado-de-ebriedad-tras-alterar-el-orden-publico\/","title":{"rendered":"Aprehendieron a un joven de 25 a\u00f1os en estado de ebriedad tras alterar el orden p\u00fablico"},"content":{"rendered":"<!-- VideographyWP Plugin Message: Automatic video embedding prevented by plugin options. -->\n\n<p>Aprehendieron a un joven de 25 a\u00f1os en estado de ebriedad en D\u00e1vila y Las Provincias por alterar el orden p\u00fablico.<\/p>\n\n\n\n<p><strong>Un masculino de 25 a\u00f1os fue aprehendido en calle D\u00e1vila y Las Provincias tras encontrarse en estado de ebriedad y alterando el orden p\u00fablico.<\/strong><\/p>\n\n\n\n<p>En la tarde\/noche de ayer, <strong>personal policial intervino en la intersecci\u00f3n de D\u00e1vila y Las Provincias<\/strong>, donde un joven de <strong>25 a\u00f1os de edad<\/strong> se encontraba generando disturbios en la v\u00eda p\u00fablica bajo los efectos del alcohol.<\/p>\n\n\n\n<p>El accionar permiti\u00f3 controlar la situaci\u00f3n y trasladar al individuo para su correcta identificaci\u00f3n y resguardo. <strong>La causa qued\u00f3 a disposici\u00f3n del Juzgado de Paz local<\/strong>, que continuar\u00e1 con las actuaciones correspondientes.<\/p>\n\n\n\n<p>SanPedro #Seguridad #Policiales #OrdenP\u00fablico<\/p>\n\n\n\n<p><\/p>\n","protected":false},"excerpt":{"rendered":"<p>Aprehendieron a un joven de 25 a\u00f1os en estado de ebriedad en D\u00e1vila y Las Provincias por alterar el orden p\u00fablico. Un masculino de 25 a\u00f1os fue aprehendido en calle D\u00e1vila y Las Provincias tras encontrarse en estado de ebriedad y alterando el orden p\u00fablico. En la tarde\/noche de ayer, personal policial intervino en la [&hellip;]<\/p>\n","protected":false},"author":4,"featured_media":143726,"comment_status":"closed","ping_status":"closed","sticky":false,"template":"","format":"standard","meta":{"om_disable_all_campaigns":false,"_jetpack_memberships_contains_paid_content":false,"footnotes":""},"categories":[2,103],"tags":[6230,6232,3694,6231],"class_list":["post-143725","post","type-post","status-publish","format-standard","has-post-thumbnail","hentry","category-locales","category-policiales-locales","tag-alteracion-del-orden-publico-san-pedro","tag-aprehendido-en-estado-de-ebriedad","tag-intervencion-policial","tag-joven-de-25-anos-detenido"],"aioseo_notices":[],"gutentor_comment":0,"jetpack_featured_media_url":"https:\/\/eldiariodesanpedro.com.ar\/sitio\/wp-content\/uploads\/2025\/09\/medida-2-3.jpg","jetpack_shortlink":"https:\/\/wp.me\/p6RhLt-Bo9","jetpack_sharing_enabled":true,"_links":{"self":[{"href":"https:\/\/eldiariodesanpedro.com.ar\/sitio\/wp-json\/wp\/v2\/posts\/143725","targetHints":{"allow":["GET"]}}],"collection":[{"href":"https:\/\/eldiariodesanpedro.com.ar\/sitio\/wp-json\/wp\/v2\/posts"}],"about":[{"href":"https:\/\/eldiariodesanpedro.com.ar\/sitio\/wp-json\/wp\/v2\/types\/post"}],"author":[{"embeddable":true,"href":"https:\/\/eldiariodesanpedro.com.ar\/sitio\/wp-json\/wp\/v2\/users\/4"}],"replies":[{"embeddable":true,"href":"https:\/\/eldiariodesanpedro.com.ar\/sitio\/wp-json\/wp\/v2\/comments?post=143725"}],"version-history":[{"count":1,"href":"https:\/\/eldiariodesanpedro.com.ar\/sitio\/wp-json\/wp\/v2\/posts\/143725\/revisions"}],"predecessor-version":[{"id":143727,"href":"https:\/\/eldiariodesanpedro.com.ar\/sitio\/wp-json\/wp\/v2\/posts\/143725\/revisions\/143727"}],"wp:featuredmedia":[{"embeddable":true,"href":"https:\/\/eldiariodesanpedro.com.ar\/sitio\/wp-json\/wp\/v2\/media\/143726"}],"wp:attachment":[{"href":"https:\/\/eldiariodesanpedro.com.ar\/sitio\/wp-json\/wp\/v2\/media?parent=143725"}],"wp:term":[{"taxonomy":"category","embeddable":true,"href":"https:\/\/eldiariodesanpedro.com.ar\/sitio\/wp-json\/wp\/v2\/categories?post=143725"},{"taxonomy":"post_tag","embeddable":true,"href":"https:\/\/eldiariodesanpedro.com.ar\/sitio\/wp-json\/wp\/v2\/tags?post=143725"}],"curies":[{"name":"wp","href":"https:\/\/api.w.org\/{rel}","templated":true}]}}