{"id":143723,"date":"2025-09-22T08:58:19","date_gmt":"2025-09-22T11:58:19","guid":{"rendered":"https:\/\/eldiariodesanpedro.com.ar\/sitio\/?p=143723"},"modified":"2026-01-24T00:47:22","modified_gmt":"2026-01-24T03:47:22","slug":"fallecimiento-de-eulogio-abatangelo-a-los-96-anos","status":"publish","type":"post","link":"https:\/\/eldiariodesanpedro.com.ar\/sitio\/fallecimiento-de-eulogio-abatangelo-a-los-96-anos\/","title":{"rendered":"Fallecimiento de Eulogio Abatangelo a los 96 a\u00f1os"},"content":{"rendered":"<!-- VideographyWP Plugin Message: Automatic video embedding prevented by plugin options. -->\n\n<p>A los 96 a\u00f1os falleci\u00f3 Eulogio Abatangelo. Sus restos son velados en San Pedro y el servicio se extender\u00e1 hasta este lunes 22 de septiembre.<\/p>\n\n\n\n<p>La comunidad despide con profundo pesar a <strong>Eulogio Abatangelo<\/strong>, quien falleci\u00f3 a los <strong>96 a\u00f1os de edad<\/strong>.<\/p>\n\n\n\n<p>Sus restos son velados en la <strong>Sala N\u00b0 2 de COOPSER Servicios Sociales<\/strong>, ubicada en <strong>3 de Febrero 1475<\/strong>, en San Pedro. El <strong>servicio se extender\u00e1 hasta las 15:00 horas del lunes 22 de septiembre de 2025<\/strong>.<\/p>\n\n\n\n<p>Desde COOPSER expresaron sus condolencias a familiares y allegados en este dif\u00edcil momento.<\/p>\n","protected":false},"excerpt":{"rendered":"<p>A los 96 a\u00f1os falleci\u00f3 Eulogio Abatangelo. Sus restos son velados en San Pedro y el servicio se extender\u00e1 hasta este lunes 22 de septiembre. La comunidad despide con profundo pesar a Eulogio Abatangelo, quien falleci\u00f3 a los 96 a\u00f1os de edad. Sus restos son velados en la Sala N\u00b0 2 de COOPSER Servicios Sociales, [&hellip;]<\/p>\n","protected":false},"author":4,"featured_media":113757,"comment_status":"closed","ping_status":"closed","sticky":false,"template":"","format":"standard","meta":{"om_disable_all_campaigns":false,"_jetpack_memberships_contains_paid_content":false,"footnotes":""},"categories":[8424],"tags":[6229],"class_list":["post-143723","post","type-post","status-publish","format-standard","has-post-thumbnail","hentry","category-necrologicas","tag-eulogio-abatangelo"],"aioseo_notices":[],"gutentor_comment":0,"jetpack_featured_media_url":"https:\/\/eldiariodesanpedro.com.ar\/sitio\/wp-content\/uploads\/2023\/01\/necrologicas.jpg","jetpack_shortlink":"https:\/\/wp.me\/p6RhLt-Bo7","jetpack_sharing_enabled":true,"_links":{"self":[{"href":"https:\/\/eldiariodesanpedro.com.ar\/sitio\/wp-json\/wp\/v2\/posts\/143723","targetHints":{"allow":["GET"]}}],"collection":[{"href":"https:\/\/eldiariodesanpedro.com.ar\/sitio\/wp-json\/wp\/v2\/posts"}],"about":[{"href":"https:\/\/eldiariodesanpedro.com.ar\/sitio\/wp-json\/wp\/v2\/types\/post"}],"author":[{"embeddable":true,"href":"https:\/\/eldiariodesanpedro.com.ar\/sitio\/wp-json\/wp\/v2\/users\/4"}],"replies":[{"embeddable":true,"href":"https:\/\/eldiariodesanpedro.com.ar\/sitio\/wp-json\/wp\/v2\/comments?post=143723"}],"version-history":[{"count":1,"href":"https:\/\/eldiariodesanpedro.com.ar\/sitio\/wp-json\/wp\/v2\/posts\/143723\/revisions"}],"predecessor-version":[{"id":143724,"href":"https:\/\/eldiariodesanpedro.com.ar\/sitio\/wp-json\/wp\/v2\/posts\/143723\/revisions\/143724"}],"wp:featuredmedia":[{"embeddable":true,"href":"https:\/\/eldiariodesanpedro.com.ar\/sitio\/wp-json\/wp\/v2\/media\/113757"}],"wp:attachment":[{"href":"https:\/\/eldiariodesanpedro.com.ar\/sitio\/wp-json\/wp\/v2\/media?parent=143723"}],"wp:term":[{"taxonomy":"category","embeddable":true,"href":"https:\/\/eldiariodesanpedro.com.ar\/sitio\/wp-json\/wp\/v2\/categories?post=143723"},{"taxonomy":"post_tag","embeddable":true,"href":"https:\/\/eldiariodesanpedro.com.ar\/sitio\/wp-json\/wp\/v2\/tags?post=143723"}],"curies":[{"name":"wp","href":"https:\/\/api.w.org\/{rel}","templated":true}]}}