{"id":143709,"date":"2025-09-19T17:07:51","date_gmt":"2025-09-19T20:07:51","guid":{"rendered":"https:\/\/eldiariodesanpedro.com.ar\/sitio\/?p=143709"},"modified":"2025-09-19T17:07:55","modified_gmt":"2025-09-19T20:07:55","slug":"asamblea-general-ordinaria-de-club-de-jubilados-y-pensionados-de-gobernador-castro","status":"publish","type":"post","link":"https:\/\/eldiariodesanpedro.com.ar\/sitio\/asamblea-general-ordinaria-de-club-de-jubilados-y-pensionados-de-gobernador-castro\/","title":{"rendered":"Asamblea General Ordinaria de Club de Jubilados y Pensionados de Gobernador Castro"},"content":{"rendered":"<!-- VideographyWP Plugin Message: Automatic video embedding prevented by plugin options. -->\n\n<p class=\"has-text-align-center\">Club de Jubilados y Pensionados de Gobernador Castro<br>Convocatoria<br>Asamblea General Ordinaria<\/p>\n\n\n\n<p class=\"has-text-align-left\">De acuerdo a lo establecido en los estatutos vigentes, la Comisi\u00f3n Directiva del Club de Jubilados y Pensionados de Gobernador Castro, convoca a los se\u00f1ores asociados a la ASAMBLEA GENERAL ORDINARIA, que se celebrar\u00e1 el d\u00eda 20 de octubre de 2025, a las 14:00 hs. en primera convocatoria y a las 15 hs. en segunda convocatoria, en la sede social, sita en Sarmiento S\/N de la Localidad de Gobernador Castro, provincia de Buenos Aires, para tratar el siguiente:<\/p>\n\n\n\n<p class=\"has-text-align-center\">ORDEN DEL DIA<\/p>\n\n\n\n<p>1\u00ba) Causas por las cuales la Asamblea se realiza fuera de t\u00e9rmino.<br>2\u00ba) Consideraci\u00f3n de la Memoria, Balance General, Estado de Resultados e Informe de la Comisi\u00f3n Revisora de Cuentas e Informe del Auditor correspondiente al ejercicio econ\u00f3mico comprendido entre: el 1\u00ba de enero al 31 de Diciembre de 2024.<br>3\u00ba) Actualizar el valor de las cuotas sociales para cada una de las categor\u00edas existentes.<br>4\u00ba) Designaci\u00f3n de dos asociados para firmar el Acta de la Asamblea conjuntamente con el Presidente y Secretario.<\/p>\n\n\n\n<p class=\"has-text-align-right\"><a><\/a>Gobernador Castro, 15 de Septiembre de 2025<\/p>\n\n\n\n<p>Mariana M\u00f3nica Luchessi &#8211; Secretaria\u00a0\u00a0\u00a0\u00a0\u00a0\u00a0\u00a0 \u00a0\u00a0\u00a0\u00a0\u00a0\u00a0\u00a0\u00a0\u00a0\u00a0\u00a0\u00a0\u00a0\u00a0\u00a0\u00a0\u00a0\u00a0\u00a0\u00a0\u00a0\u00a0\u00a0\u00a0\u00a0\u00a0\u00a0\u00a0 \u00a0\u00a0\u00a0\u00a0\u00a0\u00a0\u00a0\u00a0\u00a0\u00a0\u00a0\u00a0\u00a0\u00a0\u00a0\u00a0\u00a0\u00a0\u00a0\u00a0\u00a0\u00a0\u00a0\u00a0\u00a0\u00a0\u00a0\u00a0\u00a0\u00a0<br>Rosa del Valle Mazza &#8211; Presidente<\/p>\n\n\n\n<p class=\"has-text-align-left\"><strong>Nota<\/strong>: Art. 32 Las Asambleas se celebrar\u00e1n con la presencia del 51% de los socios con derecho a voto. Una hora despu\u00e9s sino hubiese conseguido ese n\u00famero, se reunir\u00e1 legalmente constituida con el 30% de los socios con derecho a voto.<\/p>\n","protected":false},"excerpt":{"rendered":"<p>Club de Jubilados y Pensionados de Gobernador CastroConvocatoriaAsamblea General Ordinaria De acuerdo a lo establecido en los estatutos vigentes, la Comisi\u00f3n Directiva del Club de Jubilados y Pensionados de Gobernador Castro, convoca a los se\u00f1ores asociados a la ASAMBLEA GENERAL ORDINARIA, que se celebrar\u00e1 el d\u00eda 20 de octubre de 2025, a las 14:00 hs. [&hellip;]<\/p>\n","protected":false},"author":4,"featured_media":134047,"comment_status":"closed","ping_status":"closed","sticky":false,"template":"","format":"standard","meta":{"om_disable_all_campaigns":false,"_jetpack_memberships_contains_paid_content":false,"footnotes":""},"categories":[678,676],"tags":[646,6223],"class_list":["post-143709","post","type-post","status-publish","format-standard","has-post-thumbnail","hentry","category-convocatorias","category-edictos","tag-gobernador-castro","tag-jubilados-y-pensionados"],"aioseo_notices":[],"gutentor_comment":0,"jetpack_featured_media_url":"https:\/\/eldiariodesanpedro.com.ar\/sitio\/wp-content\/uploads\/2024\/10\/jubilados-Castro-2024.jpg","jetpack_shortlink":"https:\/\/wp.me\/p6RhLt-BnT","jetpack_sharing_enabled":true,"_links":{"self":[{"href":"https:\/\/eldiariodesanpedro.com.ar\/sitio\/wp-json\/wp\/v2\/posts\/143709","targetHints":{"allow":["GET"]}}],"collection":[{"href":"https:\/\/eldiariodesanpedro.com.ar\/sitio\/wp-json\/wp\/v2\/posts"}],"about":[{"href":"https:\/\/eldiariodesanpedro.com.ar\/sitio\/wp-json\/wp\/v2\/types\/post"}],"author":[{"embeddable":true,"href":"https:\/\/eldiariodesanpedro.com.ar\/sitio\/wp-json\/wp\/v2\/users\/4"}],"replies":[{"embeddable":true,"href":"https:\/\/eldiariodesanpedro.com.ar\/sitio\/wp-json\/wp\/v2\/comments?post=143709"}],"version-history":[{"count":1,"href":"https:\/\/eldiariodesanpedro.com.ar\/sitio\/wp-json\/wp\/v2\/posts\/143709\/revisions"}],"predecessor-version":[{"id":143710,"href":"https:\/\/eldiariodesanpedro.com.ar\/sitio\/wp-json\/wp\/v2\/posts\/143709\/revisions\/143710"}],"wp:featuredmedia":[{"embeddable":true,"href":"https:\/\/eldiariodesanpedro.com.ar\/sitio\/wp-json\/wp\/v2\/media\/134047"}],"wp:attachment":[{"href":"https:\/\/eldiariodesanpedro.com.ar\/sitio\/wp-json\/wp\/v2\/media?parent=143709"}],"wp:term":[{"taxonomy":"category","embeddable":true,"href":"https:\/\/eldiariodesanpedro.com.ar\/sitio\/wp-json\/wp\/v2\/categories?post=143709"},{"taxonomy":"post_tag","embeddable":true,"href":"https:\/\/eldiariodesanpedro.com.ar\/sitio\/wp-json\/wp\/v2\/tags?post=143709"}],"curies":[{"name":"wp","href":"https:\/\/api.w.org\/{rel}","templated":true}]}}