{"id":143706,"date":"2025-09-18T11:43:27","date_gmt":"2025-09-18T14:43:27","guid":{"rendered":"https:\/\/eldiariodesanpedro.com.ar\/sitio\/?p=143706"},"modified":"2026-01-24T00:47:22","modified_gmt":"2026-01-24T03:47:22","slug":"fallecio-jorge-oscar-sobrino-a-los-68-anos","status":"publish","type":"post","link":"https:\/\/eldiariodesanpedro.com.ar\/sitio\/fallecio-jorge-oscar-sobrino-a-los-68-anos\/","title":{"rendered":"Falleci\u00f3 Jorge Oscar Sobrino a los 68 a\u00f1os"},"content":{"rendered":"<!-- VideographyWP Plugin Message: Automatic video embedding prevented by plugin options. -->\n\n<p><em>El servicio velatorio se lleva a cabo en la Sala N\u00b0 4 de COOPSER hasta el jueves 18 de septiembre a las 13.00 horas.<\/em><\/p>\n\n\n\n<p>En las \u00faltimas horas se confirm\u00f3 el fallecimiento de <strong>Jorge Oscar Sobrino<\/strong>, a la edad de <strong>68 a\u00f1os<\/strong>. Sus restos son velados en la <strong>Sala Velatoria N\u00b0 4<\/strong> de COOPSER, ubicada en <strong>3 de Febrero 1475<\/strong>.<\/p>\n\n\n\n<p>El <strong>servicio f\u00fanebre se extender\u00e1 hasta las 13.00 horas del jueves 18 de septiembre de 2025<\/strong>, momento en el cual se proceder\u00e1 a la despedida final junto a familiares y allegados.<\/p>\n\n\n\n<p>El acompa\u00f1amiento se realiza a trav\u00e9s de <strong>COOPSER Servicios Sociales<\/strong>, instituci\u00f3n encargada de la organizaci\u00f3n del sepelio.<\/p>\n\n\n\n<p>Fallecimiento #SanPedro #ServiciosSociales #COOPSER<\/p>\n","protected":false},"excerpt":{"rendered":"<p>El servicio velatorio se lleva a cabo en la Sala N\u00b0 4 de COOPSER hasta el jueves 18 de septiembre a las 13.00 horas. En las \u00faltimas horas se confirm\u00f3 el fallecimiento de Jorge Oscar Sobrino, a la edad de 68 a\u00f1os. Sus restos son velados en la Sala Velatoria N\u00b0 4 de COOPSER, ubicada [&hellip;]<\/p>\n","protected":false},"author":4,"featured_media":113757,"comment_status":"closed","ping_status":"closed","sticky":false,"template":"","format":"standard","meta":{"om_disable_all_campaigns":false,"_jetpack_memberships_contains_paid_content":false,"footnotes":""},"categories":[8424],"tags":[5113,5320,6217,5978,6218],"class_list":["post-143706","post","type-post","status-publish","format-standard","has-post-thumbnail","hentry","category-necrologicas","tag-coopser-servicios-sociales","tag-fallecimiento-en-san-pedro","tag-jorge-oscar-sobrino","tag-sepelio-san-pedro","tag-velatorio-sala-4"],"aioseo_notices":[],"gutentor_comment":0,"jetpack_featured_media_url":"https:\/\/eldiariodesanpedro.com.ar\/sitio\/wp-content\/uploads\/2023\/01\/necrologicas.jpg","jetpack_shortlink":"https:\/\/wp.me\/p6RhLt-BnQ","jetpack_sharing_enabled":true,"_links":{"self":[{"href":"https:\/\/eldiariodesanpedro.com.ar\/sitio\/wp-json\/wp\/v2\/posts\/143706","targetHints":{"allow":["GET"]}}],"collection":[{"href":"https:\/\/eldiariodesanpedro.com.ar\/sitio\/wp-json\/wp\/v2\/posts"}],"about":[{"href":"https:\/\/eldiariodesanpedro.com.ar\/sitio\/wp-json\/wp\/v2\/types\/post"}],"author":[{"embeddable":true,"href":"https:\/\/eldiariodesanpedro.com.ar\/sitio\/wp-json\/wp\/v2\/users\/4"}],"replies":[{"embeddable":true,"href":"https:\/\/eldiariodesanpedro.com.ar\/sitio\/wp-json\/wp\/v2\/comments?post=143706"}],"version-history":[{"count":1,"href":"https:\/\/eldiariodesanpedro.com.ar\/sitio\/wp-json\/wp\/v2\/posts\/143706\/revisions"}],"predecessor-version":[{"id":143707,"href":"https:\/\/eldiariodesanpedro.com.ar\/sitio\/wp-json\/wp\/v2\/posts\/143706\/revisions\/143707"}],"wp:featuredmedia":[{"embeddable":true,"href":"https:\/\/eldiariodesanpedro.com.ar\/sitio\/wp-json\/wp\/v2\/media\/113757"}],"wp:attachment":[{"href":"https:\/\/eldiariodesanpedro.com.ar\/sitio\/wp-json\/wp\/v2\/media?parent=143706"}],"wp:term":[{"taxonomy":"category","embeddable":true,"href":"https:\/\/eldiariodesanpedro.com.ar\/sitio\/wp-json\/wp\/v2\/categories?post=143706"},{"taxonomy":"post_tag","embeddable":true,"href":"https:\/\/eldiariodesanpedro.com.ar\/sitio\/wp-json\/wp\/v2\/tags?post=143706"}],"curies":[{"name":"wp","href":"https:\/\/api.w.org\/{rel}","templated":true}]}}