{"id":14370,"date":"2017-02-08T21:21:23","date_gmt":"2017-02-09T00:21:23","guid":{"rendered":"https:\/\/eldiariodesanpedro.com.ar\/sitio\/?p=14370"},"modified":"2026-01-24T00:31:05","modified_gmt":"2026-01-24T03:31:05","slug":"futbol-infantil-hoy-dara-inicio-el-torneo-de-verano-cat-2010-2008-y-2006","status":"publish","type":"post","link":"https:\/\/eldiariodesanpedro.com.ar\/sitio\/futbol-infantil-hoy-dara-inicio-el-torneo-de-verano-cat-2010-2008-y-2006\/","title":{"rendered":"F\u00daTBOL INFANTIL: Hoy dar\u00e1 inicio el torneo de verano, cat. 2010, 2008 y 2006"},"content":{"rendered":"<p><!-- VideographyWP Plugin Message: Automatic video embedding prevented by plugin options. --><br \/>\nDesde este jueves se pone en marcha el torneo de verano de la liga infantil con continuidad durante el fin de semana. El programa puede modificarse en caso de lluvia.<\/p>\n<p>Zonas, partidos, canchas (los partidos dar\u00e1n inicio a las 18 horas):<\/p>\n<p>A (Cancha Los Andes): El Porvenir, Racing, Los Andes, Pescadores y Am\u00e9rica.<br \/>\n1ra fecha<br \/>\nJueves- Los Andes vs El Porvenir\/Racing vs Pescadores<br \/>\n2da fecha<br \/>\nViernes- Los Andes vs Racing\/El Porvenir vs Am\u00e9rica<br \/>\n3ra fecha<br \/>\nS\u00e1bado- Los Andes vs Am\u00e9rica\/Pescadores vs El Porvenir<br \/>\n4ta fecha<br \/>\nDomingo- Los Andes vs Pescadores\/Am\u00e9rica vs El Porvenir<br \/>\n5ta fecha<br \/>\nLunes- Pescadores vs Am\u00e9rica\/Racing vs El Porvenir<\/p>\n<p>B (Cancha El Tanque): Independencia, Mitre, San Roque y El Tanque.<br \/>\n1ra fecha<br \/>\nS\u00e1bado- El Tanque vs Mitre\/San Roque vs Independencia<br \/>\n2da fecha<br \/>\nDomingo- Independencia vs El Tanque\/San Roque vs Mitre<br \/>\n3ra fecha<br \/>\nLunes- Mitre vs independencia\/El Tanque vs San Roque<\/p>\n<p>C (Cancha Independiente RT): Villa Igoillo, Def. Unidos, Paran\u00e1 e Independiente R\u00edo Tala.<br \/>\n1ra fecha<br \/>\nS\u00e1bado- Independiente RT vs V. Igoillo\/Def. Unidos vs Paran\u00e1<br \/>\n2da fecha<br \/>\nDomingo- Def. Unidos vs Independiente\/Paran\u00e1 vs Villa igoillo<br \/>\n3ra fecha<br \/>\nLunes- Def. Unidos vs V. Igoillo\/Independiente vs Paran\u00e1<\/p>\n<p>D (Cancha Sportivo): Rivadavia, Costa Azul y Sportivo.<br \/>\n1ra fecha<br \/>\nS\u00e1bado: Rivadavia vs Costa Azul. Libre: Sportivo.<br \/>\n2da fecha:<br \/>\nDomingo: Sportivo vs Rivadavia<br \/>\n3ra fecha<br \/>\nLunes: Sportivo vs Costa Azul<\/p>\n<p>E (Cancha Sportivo, con organizaci\u00f3n de Atl\u00e9tico): Alsina, Atl\u00e9tico y Fundici\u00f3n.<br \/>\n1ra fecha<br \/>\nS\u00e1bado- Atl\u00e9tico vs Fundici\u00f3n. Libre: Alsina.<br \/>\n2da fecha<br \/>\nAlsina vs Fundici\u00f3n<br \/>\n3ra fecha<br \/>\nAtl\u00e9tico vs Alsina<\/p>\n<p>F (Castro FC): Agricultores, Castro FC, Gral. San Mart\u00edn y Central C\u00f3rdoba.<br \/>\n1ra fecha<br \/>\nS\u00e1bado- Castro FC vs San Mart\u00edn\/ Agricultores vs C. C\u00f3rdoba.<br \/>\n2da fecha<br \/>\nDomingo- C. C\u00f3rdoba vs Castro FC\/Agricultores vs San Mart\u00edn<br \/>\n3ra fecha<br \/>\nLunes- San Mart\u00edn vs C. C\u00f3rdoba\/Castro FC vs Agricultores <\/p>\n<p>Canchas para ronda final<br \/>\nOctavos: Independiente (RT), Atl\u00e9tico, Castro FC y Pescadores San Pedro.<br \/>\nCuartos: Atl\u00e9tico Baradero, El Tanque y Pescadores San Pedro.<br \/>\nSemifinales: El Tanque y El Porvenir.<br \/>\nFinal: El Porvenir.<\/p>\n","protected":false},"excerpt":{"rendered":"<p>Desde este jueves se pone en marcha el torneo de verano de la liga infantil con continuidad durante el fin de semana. El programa puede modificarse en caso de lluvia. Zonas, partidos, canchas (los partidos dar\u00e1n inicio a las 18 horas): A (Cancha Los Andes): El Porvenir, Racing, Los Andes, Pescadores y Am\u00e9rica. 1ra fecha [&hellip;]<\/p>\n","protected":false},"author":4,"featured_media":14374,"comment_status":"open","ping_status":"closed","sticky":false,"template":"","format":"standard","meta":{"om_disable_all_campaigns":false,"_jetpack_memberships_contains_paid_content":false,"footnotes":""},"categories":[5],"tags":[],"class_list":["post-14370","post","type-post","status-publish","format-standard","has-post-thumbnail","hentry","category-deportes"],"aioseo_notices":[],"gutentor_comment":0,"jetpack_featured_media_url":"https:\/\/eldiariodesanpedro.com.ar\/sitio\/wp-content\/uploads\/2017\/02\/Arranca-el-f\u00fatbol-de-los-chicos.jpg","jetpack_shortlink":"https:\/\/wp.me\/p6RhLt-3JM","jetpack_sharing_enabled":true,"_links":{"self":[{"href":"https:\/\/eldiariodesanpedro.com.ar\/sitio\/wp-json\/wp\/v2\/posts\/14370","targetHints":{"allow":["GET"]}}],"collection":[{"href":"https:\/\/eldiariodesanpedro.com.ar\/sitio\/wp-json\/wp\/v2\/posts"}],"about":[{"href":"https:\/\/eldiariodesanpedro.com.ar\/sitio\/wp-json\/wp\/v2\/types\/post"}],"author":[{"embeddable":true,"href":"https:\/\/eldiariodesanpedro.com.ar\/sitio\/wp-json\/wp\/v2\/users\/4"}],"replies":[{"embeddable":true,"href":"https:\/\/eldiariodesanpedro.com.ar\/sitio\/wp-json\/wp\/v2\/comments?post=14370"}],"version-history":[{"count":1,"href":"https:\/\/eldiariodesanpedro.com.ar\/sitio\/wp-json\/wp\/v2\/posts\/14370\/revisions"}],"predecessor-version":[{"id":14372,"href":"https:\/\/eldiariodesanpedro.com.ar\/sitio\/wp-json\/wp\/v2\/posts\/14370\/revisions\/14372"}],"wp:featuredmedia":[{"embeddable":true,"href":"https:\/\/eldiariodesanpedro.com.ar\/sitio\/wp-json\/wp\/v2\/media\/14374"}],"wp:attachment":[{"href":"https:\/\/eldiariodesanpedro.com.ar\/sitio\/wp-json\/wp\/v2\/media?parent=14370"}],"wp:term":[{"taxonomy":"category","embeddable":true,"href":"https:\/\/eldiariodesanpedro.com.ar\/sitio\/wp-json\/wp\/v2\/categories?post=14370"},{"taxonomy":"post_tag","embeddable":true,"href":"https:\/\/eldiariodesanpedro.com.ar\/sitio\/wp-json\/wp\/v2\/tags?post=14370"}],"curies":[{"name":"wp","href":"https:\/\/api.w.org\/{rel}","templated":true}]}}