{"id":143692,"date":"2025-09-17T10:54:19","date_gmt":"2025-09-17T13:54:19","guid":{"rendered":"https:\/\/eldiariodesanpedro.com.ar\/sitio\/?p=143692"},"modified":"2026-01-24T00:47:22","modified_gmt":"2026-01-24T03:47:22","slug":"fallecio-julio-marcelo-acevedo-a-los-55-anos","status":"publish","type":"post","link":"https:\/\/eldiariodesanpedro.com.ar\/sitio\/fallecio-julio-marcelo-acevedo-a-los-55-anos\/","title":{"rendered":"Falleci\u00f3 Julio Marcelo Acevedo a los 55 a\u00f1os"},"content":{"rendered":"<!-- VideographyWP Plugin Message: Automatic video embedding prevented by plugin options. -->\n\n<p>Julio Marcelo Acevedo falleci\u00f3 a los 55 a\u00f1os. Sus restos son velados en la Sala N\u00b0 4 y el servicio se extender\u00e1 hasta este mi\u00e9rcoles a las 11:00.<\/p>\n\n\n\n<p>La comunidad despide a <strong>Julio Marcelo Acevedo<\/strong>, quien falleci\u00f3 a los <strong>55 a\u00f1os<\/strong>. Sus restos son velados en la <strong>Sala Velatoria N\u00b0 4<\/strong>, ubicada en <strong>3 de Febrero 1475<\/strong>, bajo el servicio de <strong>COOPSER Servicios Sociales<\/strong>.<\/p>\n\n\n\n<p>El velatorio se extender\u00e1 <strong>hasta las 11:00 horas del mi\u00e9rcoles 17 de septiembre de 2025<\/strong>, momento en el cual se dar\u00e1 por concluido el servicio.<\/p>\n\n\n\n<p>#Fallecimiento #Obituario #SanPedro #COOPSER<\/p>\n","protected":false},"excerpt":{"rendered":"<p>Julio Marcelo Acevedo falleci\u00f3 a los 55 a\u00f1os. Sus restos son velados en la Sala N\u00b0 4 y el servicio se extender\u00e1 hasta este mi\u00e9rcoles a las 11:00. La comunidad despide a Julio Marcelo Acevedo, quien falleci\u00f3 a los 55 a\u00f1os. Sus restos son velados en la Sala Velatoria N\u00b0 4, ubicada en 3 de [&hellip;]<\/p>\n","protected":false},"author":4,"featured_media":113757,"comment_status":"closed","ping_status":"closed","sticky":false,"template":"","format":"standard","meta":{"om_disable_all_campaigns":false,"_jetpack_memberships_contains_paid_content":false,"footnotes":""},"categories":[8424],"tags":[5113,6207,6208,5111],"class_list":["post-143692","post","type-post","status-publish","format-standard","has-post-thumbnail","hentry","category-necrologicas","tag-coopser-servicios-sociales","tag-fallecio-julio-marcelo-acevedo","tag-obituarios-san-pedro-2025","tag-velatorio-san-pedro"],"aioseo_notices":[],"gutentor_comment":0,"jetpack_featured_media_url":"https:\/\/eldiariodesanpedro.com.ar\/sitio\/wp-content\/uploads\/2023\/01\/necrologicas.jpg","jetpack_shortlink":"https:\/\/wp.me\/p6RhLt-BnC","jetpack_sharing_enabled":true,"_links":{"self":[{"href":"https:\/\/eldiariodesanpedro.com.ar\/sitio\/wp-json\/wp\/v2\/posts\/143692","targetHints":{"allow":["GET"]}}],"collection":[{"href":"https:\/\/eldiariodesanpedro.com.ar\/sitio\/wp-json\/wp\/v2\/posts"}],"about":[{"href":"https:\/\/eldiariodesanpedro.com.ar\/sitio\/wp-json\/wp\/v2\/types\/post"}],"author":[{"embeddable":true,"href":"https:\/\/eldiariodesanpedro.com.ar\/sitio\/wp-json\/wp\/v2\/users\/4"}],"replies":[{"embeddable":true,"href":"https:\/\/eldiariodesanpedro.com.ar\/sitio\/wp-json\/wp\/v2\/comments?post=143692"}],"version-history":[{"count":1,"href":"https:\/\/eldiariodesanpedro.com.ar\/sitio\/wp-json\/wp\/v2\/posts\/143692\/revisions"}],"predecessor-version":[{"id":143693,"href":"https:\/\/eldiariodesanpedro.com.ar\/sitio\/wp-json\/wp\/v2\/posts\/143692\/revisions\/143693"}],"wp:featuredmedia":[{"embeddable":true,"href":"https:\/\/eldiariodesanpedro.com.ar\/sitio\/wp-json\/wp\/v2\/media\/113757"}],"wp:attachment":[{"href":"https:\/\/eldiariodesanpedro.com.ar\/sitio\/wp-json\/wp\/v2\/media?parent=143692"}],"wp:term":[{"taxonomy":"category","embeddable":true,"href":"https:\/\/eldiariodesanpedro.com.ar\/sitio\/wp-json\/wp\/v2\/categories?post=143692"},{"taxonomy":"post_tag","embeddable":true,"href":"https:\/\/eldiariodesanpedro.com.ar\/sitio\/wp-json\/wp\/v2\/tags?post=143692"}],"curies":[{"name":"wp","href":"https:\/\/api.w.org\/{rel}","templated":true}]}}