{"id":143677,"date":"2025-09-16T12:42:06","date_gmt":"2025-09-16T15:42:06","guid":{"rendered":"https:\/\/eldiariodesanpedro.com.ar\/sitio\/?p=143677"},"modified":"2025-09-16T12:42:10","modified_gmt":"2025-09-16T15:42:10","slug":"hombre-de-60-anos-fallecio-en-hotel-alojamiento-investigan-las-causas-del-deceso","status":"publish","type":"post","link":"https:\/\/eldiariodesanpedro.com.ar\/sitio\/hombre-de-60-anos-fallecio-en-hotel-alojamiento-investigan-las-causas-del-deceso\/","title":{"rendered":"Hombre de 60 a\u00f1os falleci\u00f3 en hotel alojamiento: investigan las causas del deceso"},"content":{"rendered":"<!-- VideographyWP Plugin Message: Automatic video embedding prevented by plugin options. -->\n\n<p>Un hombre de 60 a\u00f1os muri\u00f3 en un hotel alojamiento y la Justicia investiga si fue por causas naturales tras un posible paro cardiorrespiratorio.<\/p>\n\n\n\n<p>Un <strong>hombre de alrededor de 60 a\u00f1os falleci\u00f3 este lunes cerca de las 19.00 horas<\/strong> en el interior de un <strong>hotel alojamiento ubicado en Benefactoras Sampedrinas al 2800<\/strong>, mientras se encontraba acompa\u00f1ado por una joven.<\/p>\n\n\n\n<p>Seg\u00fan las primeras informaciones, el deceso se produjo <strong>en situaci\u00f3n de intimidad<\/strong> y todo indica que se trat\u00f3 de <strong>una muerte natural por paro cardiorrespiratorio<\/strong>. No obstante, la <strong>Fiscal\u00eda inici\u00f3 una causa por \u201caveriguaci\u00f3n de causales de muerte\u201d<\/strong> y orden\u00f3 la realizaci\u00f3n de la <strong>autopsia correspondiente<\/strong> para confirmar que no existan otros factores.<\/p>\n\n\n\n<p>Una <strong>ambulancia del SAME 107<\/strong> acudi\u00f3 al lugar tras la alerta y la m\u00e9dica de turno constat\u00f3 el fallecimiento. Posteriormente, intervino <strong>personal policial y de Polic\u00eda Cient\u00edfica<\/strong>, quienes llevaron adelante las pericias de rigor.<\/p>\n\n\n\n<p>Familiares directos del hombre se hicieron presentes en el hotel para confirmar la identidad y aguardan los resultados de la autopsia. En caso de que se confirme la hip\u00f3tesis de un deceso natural, el cuerpo ser\u00e1 entregado a la familia para proceder con el <strong>velatorio e inhumaci\u00f3n<\/strong>.<\/p>\n\n\n\n<p>#SanPedro #Policiales #Fallecimiento #Investigaci\u00f3nJudicial #Noticias<\/p>\n","protected":false},"excerpt":{"rendered":"<p>Un hombre de 60 a\u00f1os muri\u00f3 en un hotel alojamiento y la Justicia investiga si fue por causas naturales tras un posible paro cardiorrespiratorio. Un hombre de alrededor de 60 a\u00f1os falleci\u00f3 este lunes cerca de las 19.00 horas en el interior de un hotel alojamiento ubicado en Benefactoras Sampedrinas al 2800, mientras se encontraba [&hellip;]<\/p>\n","protected":false},"author":4,"featured_media":70512,"comment_status":"closed","ping_status":"closed","sticky":false,"template":"","format":"standard","meta":{"om_disable_all_campaigns":false,"_jetpack_memberships_contains_paid_content":false,"footnotes":""},"categories":[2,103],"tags":[6194,6190,6192,6193,6191],"class_list":["post-143677","post","type-post","status-publish","format-standard","has-post-thumbnail","hentry","category-locales","category-policiales-locales","tag-autopsia-same-107","tag-hombre-fallecido-hotel-alojamiento","tag-investigacion-fiscalia-san-pedro","tag-muerte-natural","tag-paro-cardiorrespiratorio"],"aioseo_notices":[],"gutentor_comment":0,"jetpack_featured_media_url":"https:\/\/eldiariodesanpedro.com.ar\/sitio\/wp-content\/uploads\/2020\/03\/Polic\u00eda-Cient\u00edfica-6.jpg","jetpack_shortlink":"https:\/\/wp.me\/p6RhLt-Bnn","jetpack_sharing_enabled":true,"_links":{"self":[{"href":"https:\/\/eldiariodesanpedro.com.ar\/sitio\/wp-json\/wp\/v2\/posts\/143677","targetHints":{"allow":["GET"]}}],"collection":[{"href":"https:\/\/eldiariodesanpedro.com.ar\/sitio\/wp-json\/wp\/v2\/posts"}],"about":[{"href":"https:\/\/eldiariodesanpedro.com.ar\/sitio\/wp-json\/wp\/v2\/types\/post"}],"author":[{"embeddable":true,"href":"https:\/\/eldiariodesanpedro.com.ar\/sitio\/wp-json\/wp\/v2\/users\/4"}],"replies":[{"embeddable":true,"href":"https:\/\/eldiariodesanpedro.com.ar\/sitio\/wp-json\/wp\/v2\/comments?post=143677"}],"version-history":[{"count":1,"href":"https:\/\/eldiariodesanpedro.com.ar\/sitio\/wp-json\/wp\/v2\/posts\/143677\/revisions"}],"predecessor-version":[{"id":143678,"href":"https:\/\/eldiariodesanpedro.com.ar\/sitio\/wp-json\/wp\/v2\/posts\/143677\/revisions\/143678"}],"wp:featuredmedia":[{"embeddable":true,"href":"https:\/\/eldiariodesanpedro.com.ar\/sitio\/wp-json\/wp\/v2\/media\/70512"}],"wp:attachment":[{"href":"https:\/\/eldiariodesanpedro.com.ar\/sitio\/wp-json\/wp\/v2\/media?parent=143677"}],"wp:term":[{"taxonomy":"category","embeddable":true,"href":"https:\/\/eldiariodesanpedro.com.ar\/sitio\/wp-json\/wp\/v2\/categories?post=143677"},{"taxonomy":"post_tag","embeddable":true,"href":"https:\/\/eldiariodesanpedro.com.ar\/sitio\/wp-json\/wp\/v2\/tags?post=143677"}],"curies":[{"name":"wp","href":"https:\/\/api.w.org\/{rel}","templated":true}]}}