{"id":14367,"date":"2017-02-08T21:16:04","date_gmt":"2017-02-09T00:16:04","guid":{"rendered":"https:\/\/eldiariodesanpedro.com.ar\/sitio\/?p=14367"},"modified":"2017-02-08T21:16:04","modified_gmt":"2017-02-09T00:16:04","slug":"san-antonio-de-areco-la-unsada-comenzo-su-ciclo-2017","status":"publish","type":"post","link":"https:\/\/eldiariodesanpedro.com.ar\/sitio\/san-antonio-de-areco-la-unsada-comenzo-su-ciclo-2017\/","title":{"rendered":"SAN ANTONIO DE ARECO: La UNSAdA comenz\u00f3 su ciclo 2017"},"content":{"rendered":"<p><!-- VideographyWP Plugin Message: Automatic video embedding prevented by plugin options. --><br \/>\nCon m\u00e1s de 300 alumnos en el inicio de los cursos de \u201cFormaci\u00f3n para la vida universitaria\u201d, la nueva Universidad Nacional de la regi\u00f3n arranc\u00f3 su primer ciclo lectivo.<\/p>\n<p>La Universidad Nacional de San Antonio de Areco (UNSAdA) comenz\u00f3 su primer ciclo lectivo, con el inicio de los cursos de \u201cFormaci\u00f3n para la vida universitaria\u201d, que introducir\u00e1n durante cuatro semanas, a los m\u00e1s de 300 alumnos de la regi\u00f3n que se inscribieron en alguna de las carreras que conforman su oferta acad\u00e9mica.<\/p>\n<p>Los cursos se desarrollan en tres sedes (San Antonio de Areco, Baradero y Capit\u00e1n Sarmiento) y constan de dos materias: \u201cComprensi\u00f3n y Producci\u00f3n de Textos\u201d y \u201cResoluci\u00f3n de Problemas\u201d, lo que demanda la presencia de 10 docentes, que fueron seleccionados en la regi\u00f3n, tras cursar y aprobar la capacitaci\u00f3n correspondiente.<\/p>\n<p>\u201cEstamos muy emocionados de ser parte de este hecho hist\u00f3rico para la zona. La respuesta y apoyo de la comunidad, as\u00ed como el n\u00famero de inscriptos han superado todas nuestras expectativas: tenemos m\u00e1s de 300 alumnos que van desde estudiantes de 17 a\u00f1os que vienen directamente desde la secundaria, hasta \u201cj\u00f3venes de esp\u00edritu\u201d de m\u00e1s de 70 a\u00f1os. Es muy movilizante y nos carga, a todo el equipo de la UNSAdA de una enorme responsabilidad que asumimos con una gran alegr\u00eda\u201d, indic\u00f3 el Rector Organizador de la UNSAdA Dr. Jer\u00f3nimo Ainchil.<br \/>\n\u201cEl objetivo de este curso es el de acompa\u00f1ar y apoyar a los ingresantes para que desarrollen competencias y estrategias que mejoren sus desempe\u00f1o en el estudio\u201d, explic\u00f3 Walter Bonillo, coordinador acad\u00e9mico, quien agreg\u00f3: \u201cPara nosotros es un d\u00eda de fiesta, con la UNSAdA abriendo sus puertas e insert\u00e1ndose en el sistema educativo de la regi\u00f3n y acercando una oportunidad m\u00e1s a sus habitantes\u201d.<\/p>\n<p>M\u00e1s all\u00e1 del inicio de estos cursos, la inscripci\u00f3n para ingresar al ciclo 2017 de la UNSAdA sigue abierta hasta el 28 de Febrero, para todas sus carreras:<\/p>\n<p>Licenciatura en Inform\u00e1tica<br \/>\nAnalista en Inform\u00e1tica<br \/>\nProfesorado Universitario en Inform\u00e1tica<br \/>\nIngenier\u00eda en Producci\u00f3n Agropecuaria<br \/>\nTecnicatura Universitaria en Producci\u00f3n Agropecuaria<br \/>\nLicenciatura en Gesti\u00f3n Ambiental<br \/>\nTecnicatura Universitaria en Gesti\u00f3n Ambiental<br \/>\nLicenciatura en Econom\u00eda<br \/>\nTecnicatura Universitaria en Administraci\u00f3n y Gesti\u00f3n<br \/>\nLicenciatura en Gesti\u00f3n del Patrimonio Cultural<br \/>\nAnalista de Proyectos relativos al Patrimonio Cultural<\/p>\n<p><strong>M\u00e1s informaci\u00f3n<\/strong><\/p>\n<p>http:\/\/www.unsada.edu.ar\/<br \/>\nhttps:\/\/www.facebook.com\/unsadaoficial<br \/>\nhttps:\/\/www.youtube.com\/UnsadaEduAr<br \/>\nAvenida G\u00fciraldes 689  \u2013  San Antonio de Areco  \u2013  TE: 02326 453079<\/p>\n<p>fuente: http:\/\/arrecifesnoticias.com<\/p>\n","protected":false},"excerpt":{"rendered":"<p>Con m\u00e1s de 300 alumnos en el inicio de los cursos de \u201cFormaci\u00f3n para la vida universitaria\u201d, la nueva Universidad Nacional de la regi\u00f3n arranc\u00f3 su primer ciclo lectivo. La Universidad Nacional de San Antonio de Areco (UNSAdA) comenz\u00f3 su primer ciclo lectivo, con el inicio de los cursos de \u201cFormaci\u00f3n para la vida universitaria\u201d, [&hellip;]<\/p>\n","protected":false},"author":4,"featured_media":14368,"comment_status":"open","ping_status":"closed","sticky":false,"template":"","format":"standard","meta":{"om_disable_all_campaigns":false,"_jetpack_memberships_contains_paid_content":false,"footnotes":""},"categories":[621],"tags":[],"class_list":["post-14367","post","type-post","status-publish","format-standard","has-post-thumbnail","hentry","category-regionales"],"aioseo_notices":[],"gutentor_comment":0,"jetpack_featured_media_url":"https:\/\/eldiariodesanpedro.com.ar\/sitio\/wp-content\/uploads\/2017\/02\/Unsada-clase.jpg","jetpack_shortlink":"https:\/\/wp.me\/p6RhLt-3JJ","jetpack_sharing_enabled":true,"_links":{"self":[{"href":"https:\/\/eldiariodesanpedro.com.ar\/sitio\/wp-json\/wp\/v2\/posts\/14367","targetHints":{"allow":["GET"]}}],"collection":[{"href":"https:\/\/eldiariodesanpedro.com.ar\/sitio\/wp-json\/wp\/v2\/posts"}],"about":[{"href":"https:\/\/eldiariodesanpedro.com.ar\/sitio\/wp-json\/wp\/v2\/types\/post"}],"author":[{"embeddable":true,"href":"https:\/\/eldiariodesanpedro.com.ar\/sitio\/wp-json\/wp\/v2\/users\/4"}],"replies":[{"embeddable":true,"href":"https:\/\/eldiariodesanpedro.com.ar\/sitio\/wp-json\/wp\/v2\/comments?post=14367"}],"version-history":[{"count":1,"href":"https:\/\/eldiariodesanpedro.com.ar\/sitio\/wp-json\/wp\/v2\/posts\/14367\/revisions"}],"predecessor-version":[{"id":14369,"href":"https:\/\/eldiariodesanpedro.com.ar\/sitio\/wp-json\/wp\/v2\/posts\/14367\/revisions\/14369"}],"wp:featuredmedia":[{"embeddable":true,"href":"https:\/\/eldiariodesanpedro.com.ar\/sitio\/wp-json\/wp\/v2\/media\/14368"}],"wp:attachment":[{"href":"https:\/\/eldiariodesanpedro.com.ar\/sitio\/wp-json\/wp\/v2\/media?parent=14367"}],"wp:term":[{"taxonomy":"category","embeddable":true,"href":"https:\/\/eldiariodesanpedro.com.ar\/sitio\/wp-json\/wp\/v2\/categories?post=14367"},{"taxonomy":"post_tag","embeddable":true,"href":"https:\/\/eldiariodesanpedro.com.ar\/sitio\/wp-json\/wp\/v2\/tags?post=14367"}],"curies":[{"name":"wp","href":"https:\/\/api.w.org\/{rel}","templated":true}]}}