{"id":143650,"date":"2025-09-15T13:08:55","date_gmt":"2025-09-15T16:08:55","guid":{"rendered":"https:\/\/eldiariodesanpedro.com.ar\/sitio\/?p=143650"},"modified":"2025-09-15T13:09:00","modified_gmt":"2025-09-15T16:09:00","slug":"se-inicio-el-juicio-contra-el-sampedrino-serjal-por-juego-clandestino","status":"publish","type":"post","link":"https:\/\/eldiariodesanpedro.com.ar\/sitio\/se-inicio-el-juicio-contra-el-sampedrino-serjal-por-juego-clandestino\/","title":{"rendered":"Se inici\u00f3 el juicio contra el sampedrino Serjal por juego clandestino"},"content":{"rendered":"<!-- VideographyWP Plugin Message: Automatic video embedding prevented by plugin options. -->\n\n<p><strong>El ex fiscal regional de Rosario, Patricio Serjal, enfrenta un juicio oral por su presunta participaci\u00f3n en una asociaci\u00f3n il\u00edcita vinculada al juego clandestino.<\/strong><\/p>\n\n\n\n<p>La Justicia provincial comenz\u00f3 este lunes el <strong>juicio oral contra Patricio Serjal<\/strong>, ex fiscal regional de Rosario, y <strong>Nelson Ugolini<\/strong>, empleado judicial, ambos acusados de integrar una asociaci\u00f3n il\u00edcita relacionada con el <strong>juego clandestino<\/strong>.<\/p>\n\n\n\n<p>El proceso se desarrolla en la <strong>sala 10 del Centro de Justicia Penal<\/strong> y arranc\u00f3 a las 8 de la ma\u00f1ana. Serjal estuvo presente en la audiencia, mientras que Ugolini participa de manera virtual desde la c\u00e1rcel, donde cumple otra condena.<\/p>\n\n\n\n<p>El fiscal <strong>Jos\u00e9 Luis Caterina<\/strong> anticip\u00f3 que ser\u00e1 un <strong>juicio extenso, estimado en tres semanas<\/strong>, y explic\u00f3 que se decidi\u00f3 avanzar con estos dos imputados porque su proceso ya estaba en condiciones desde <strong>julio de 2023<\/strong>. Adem\u00e1s, record\u00f3 que tras la imputaci\u00f3n al senador <strong>Armando Traferri<\/strong>, se resolvi\u00f3 no dilatar m\u00e1s el expediente.<\/p>\n\n\n\n<p>Caterina, acompa\u00f1ado por las fiscales <strong>Marisol Fabbro<\/strong> y <strong>Mar\u00eda de los \u00c1ngeles Granato<\/strong>, asegur\u00f3 que la acusaci\u00f3n intentar\u00e1 demostrar c\u00f3mo existi\u00f3 una <strong>cobertura judicial con implicancias pol\u00edticas<\/strong> que favoreci\u00f3 a una estructura de juego clandestino en Rosario, integrada por civiles, empresarios y funcionarios.<\/p>\n\n\n\n<p>A Serjal, de 48 a\u00f1os, se le atribuyen los delitos de <strong>asociaci\u00f3n il\u00edcita como organizador, cohecho pasivo agravado, falsedad ideol\u00f3gica, omisi\u00f3n de persecuci\u00f3n y peculado de servicios<\/strong>. Por su parte, Ugolini, quien ya fue condenado en otra causa, enfrenta cargos similares en este proceso.<\/p>\n\n\n\n<p>#JuicioSerjal #JuegoClandestino #Rosario #Justicia #Corrupci\u00f3nJudicial<\/p>\n","protected":false},"excerpt":{"rendered":"<p>El ex fiscal regional de Rosario, Patricio Serjal, enfrenta un juicio oral por su presunta participaci\u00f3n en una asociaci\u00f3n il\u00edcita vinculada al juego clandestino. La Justicia provincial comenz\u00f3 este lunes el juicio oral contra Patricio Serjal, ex fiscal regional de Rosario, y Nelson Ugolini, empleado judicial, ambos acusados de integrar una asociaci\u00f3n il\u00edcita relacionada con [&hellip;]<\/p>\n","protected":false},"author":4,"featured_media":143651,"comment_status":"closed","ping_status":"closed","sticky":false,"template":"","format":"standard","meta":{"om_disable_all_campaigns":false,"_jetpack_memberships_contains_paid_content":false,"footnotes":""},"categories":[50,101,2],"tags":[6168,6171,6170,6169,6165,6172,6166,6167],"class_list":["post-143650","post","type-post","status-publish","format-standard","has-post-thumbnail","hentry","category-destacadas","category-interes-general-locales","category-locales","tag-asociacion-ilicita","tag-corrupcion-judicial","tag-fiscales-rosario","tag-jose-luis-caterina","tag-juego-clandestino-rosario","tag-juicio-oral-rosario","tag-juicio-serjal","tag-nelson-ugolini"],"aioseo_notices":[],"gutentor_comment":0,"jetpack_featured_media_url":"https:\/\/eldiariodesanpedro.com.ar\/sitio\/wp-content\/uploads\/2025\/09\/medida-1-5.jpg","jetpack_shortlink":"https:\/\/wp.me\/p6RhLt-BmW","jetpack_sharing_enabled":true,"_links":{"self":[{"href":"https:\/\/eldiariodesanpedro.com.ar\/sitio\/wp-json\/wp\/v2\/posts\/143650","targetHints":{"allow":["GET"]}}],"collection":[{"href":"https:\/\/eldiariodesanpedro.com.ar\/sitio\/wp-json\/wp\/v2\/posts"}],"about":[{"href":"https:\/\/eldiariodesanpedro.com.ar\/sitio\/wp-json\/wp\/v2\/types\/post"}],"author":[{"embeddable":true,"href":"https:\/\/eldiariodesanpedro.com.ar\/sitio\/wp-json\/wp\/v2\/users\/4"}],"replies":[{"embeddable":true,"href":"https:\/\/eldiariodesanpedro.com.ar\/sitio\/wp-json\/wp\/v2\/comments?post=143650"}],"version-history":[{"count":1,"href":"https:\/\/eldiariodesanpedro.com.ar\/sitio\/wp-json\/wp\/v2\/posts\/143650\/revisions"}],"predecessor-version":[{"id":143652,"href":"https:\/\/eldiariodesanpedro.com.ar\/sitio\/wp-json\/wp\/v2\/posts\/143650\/revisions\/143652"}],"wp:featuredmedia":[{"embeddable":true,"href":"https:\/\/eldiariodesanpedro.com.ar\/sitio\/wp-json\/wp\/v2\/media\/143651"}],"wp:attachment":[{"href":"https:\/\/eldiariodesanpedro.com.ar\/sitio\/wp-json\/wp\/v2\/media?parent=143650"}],"wp:term":[{"taxonomy":"category","embeddable":true,"href":"https:\/\/eldiariodesanpedro.com.ar\/sitio\/wp-json\/wp\/v2\/categories?post=143650"},{"taxonomy":"post_tag","embeddable":true,"href":"https:\/\/eldiariodesanpedro.com.ar\/sitio\/wp-json\/wp\/v2\/tags?post=143650"}],"curies":[{"name":"wp","href":"https:\/\/api.w.org\/{rel}","templated":true}]}}