{"id":143647,"date":"2025-09-15T11:58:00","date_gmt":"2025-09-15T14:58:00","guid":{"rendered":"https:\/\/eldiariodesanpedro.com.ar\/sitio\/?p=143647"},"modified":"2025-09-15T11:58:04","modified_gmt":"2025-09-15T14:58:04","slug":"robo-en-el-cic-de-el-destino-delincuentes-se-llevaron-herramientas-de-obra-durante-la-madrugada","status":"publish","type":"post","link":"https:\/\/eldiariodesanpedro.com.ar\/sitio\/robo-en-el-cic-de-el-destino-delincuentes-se-llevaron-herramientas-de-obra-durante-la-madrugada\/","title":{"rendered":"Robo en el CIC de El Destino: delincuentes se llevaron herramientas de obra durante la madrugada"},"content":{"rendered":"<!-- VideographyWP Plugin Message: Automatic video embedding prevented by plugin options. -->\n\n<p><em>Delincuentes ingresaron al Centro Integrador Comunitario y sustrajeron valiosas herramientas de construcci\u00f3n destinadas a las remodelaciones.<\/em><\/p>\n\n\n\n<p>En la <strong>madrugada del s\u00e1bado<\/strong>, delincuentes ingresaron al <strong>Centro Integrador Comunitario (CIC)<\/strong>, ubicado en el barrio <strong>El Destino<\/strong>, y robaron una gran cantidad de herramientas que eran utilizadas en las <strong>obras de remodelaci\u00f3n<\/strong> del edificio.<\/p>\n\n\n\n<p>Seg\u00fan informaron desde el \u00e1rea de Desarrollo con la Comunidad, los ladrones <strong>forzaron la puerta de acceso<\/strong> y se llevaron <strong>equipamiento de alto valor<\/strong>. El hecho fue descubierto por los alba\u00f1iles que trabajan en el lugar, quienes lamentaron: <em>\u201cNos llevaron todas las herramientas\u201d<\/em>.<\/p>\n\n\n\n<p>A pesar de que el predio cuenta con un sereno, se confirm\u00f3 que este <strong>no advirti\u00f3 el robo<\/strong>. Entre los elementos sustra\u00eddos se encuentran <strong>dos moladoras<\/strong> (una de ellas Black &amp; Decker N\u00b0 7), <strong>una soldadora Lusqtoff<\/strong>, <strong>un taladro percutor<\/strong>, <strong>niveles de mano, mazas, tenazas, destornilladores, martillos<\/strong> y otros insumos de construcci\u00f3n.<\/p>\n\n\n\n<p>El \u00e1rea de seguridad <strong>inici\u00f3 una investigaci\u00f3n<\/strong> con el objetivo de <strong>recuperar las herramientas robadas<\/strong> y dar con los responsables del hecho.<\/p>\n\n\n\n<p>#Inseguridad #Robo #SanPedro #CIC #ObrasPublicas<\/p>\n","protected":false},"excerpt":{"rendered":"<p>Delincuentes ingresaron al Centro Integrador Comunitario y sustrajeron valiosas herramientas de construcci\u00f3n destinadas a las remodelaciones. En la madrugada del s\u00e1bado, delincuentes ingresaron al Centro Integrador Comunitario (CIC), ubicado en el barrio El Destino, y robaron una gran cantidad de herramientas que eran utilizadas en las obras de remodelaci\u00f3n del edificio. Seg\u00fan informaron desde el [&hellip;]<\/p>\n","protected":false},"author":4,"featured_media":143648,"comment_status":"closed","ping_status":"closed","sticky":false,"template":"","format":"standard","meta":{"om_disable_all_campaigns":false,"_jetpack_memberships_contains_paid_content":false,"footnotes":""},"categories":[2,103],"tags":[6163,6161,5428,6162,6164],"class_list":["post-143647","post","type-post","status-publish","format-standard","has-post-thumbnail","hentry","category-locales","category-policiales-locales","tag-delincuentes-roban-cic","tag-herramientas-robadas-en-el-destino","tag-inseguridad-en-san-pedro","tag-robo-en-cic-san-pedro","tag-robo-obras-de-remodelacion"],"aioseo_notices":[],"gutentor_comment":0,"jetpack_featured_media_url":"https:\/\/eldiariodesanpedro.com.ar\/sitio\/wp-content\/uploads\/2025\/09\/CIC-.jpg","jetpack_shortlink":"https:\/\/wp.me\/p6RhLt-BmT","jetpack_sharing_enabled":true,"_links":{"self":[{"href":"https:\/\/eldiariodesanpedro.com.ar\/sitio\/wp-json\/wp\/v2\/posts\/143647","targetHints":{"allow":["GET"]}}],"collection":[{"href":"https:\/\/eldiariodesanpedro.com.ar\/sitio\/wp-json\/wp\/v2\/posts"}],"about":[{"href":"https:\/\/eldiariodesanpedro.com.ar\/sitio\/wp-json\/wp\/v2\/types\/post"}],"author":[{"embeddable":true,"href":"https:\/\/eldiariodesanpedro.com.ar\/sitio\/wp-json\/wp\/v2\/users\/4"}],"replies":[{"embeddable":true,"href":"https:\/\/eldiariodesanpedro.com.ar\/sitio\/wp-json\/wp\/v2\/comments?post=143647"}],"version-history":[{"count":1,"href":"https:\/\/eldiariodesanpedro.com.ar\/sitio\/wp-json\/wp\/v2\/posts\/143647\/revisions"}],"predecessor-version":[{"id":143649,"href":"https:\/\/eldiariodesanpedro.com.ar\/sitio\/wp-json\/wp\/v2\/posts\/143647\/revisions\/143649"}],"wp:featuredmedia":[{"embeddable":true,"href":"https:\/\/eldiariodesanpedro.com.ar\/sitio\/wp-json\/wp\/v2\/media\/143648"}],"wp:attachment":[{"href":"https:\/\/eldiariodesanpedro.com.ar\/sitio\/wp-json\/wp\/v2\/media?parent=143647"}],"wp:term":[{"taxonomy":"category","embeddable":true,"href":"https:\/\/eldiariodesanpedro.com.ar\/sitio\/wp-json\/wp\/v2\/categories?post=143647"},{"taxonomy":"post_tag","embeddable":true,"href":"https:\/\/eldiariodesanpedro.com.ar\/sitio\/wp-json\/wp\/v2\/tags?post=143647"}],"curies":[{"name":"wp","href":"https:\/\/api.w.org\/{rel}","templated":true}]}}