{"id":143644,"date":"2025-09-15T11:43:36","date_gmt":"2025-09-15T14:43:36","guid":{"rendered":"https:\/\/eldiariodesanpedro.com.ar\/sitio\/?p=143644"},"modified":"2025-09-15T11:43:41","modified_gmt":"2025-09-15T14:43:41","slug":"encuentro-fanaticos-del-jeep-ika-celebra-su-11-aniversario-este-fin-de-semana","status":"publish","type":"post","link":"https:\/\/eldiariodesanpedro.com.ar\/sitio\/encuentro-fanaticos-del-jeep-ika-celebra-su-11-aniversario-este-fin-de-semana\/","title":{"rendered":"Encuentro Fan\u00e1ticos del Jeep IKA celebra su 11\u00b0 aniversario este fin de semana"},"content":{"rendered":"<!-- VideographyWP Plugin Message: Automatic video embedding prevented by plugin options. -->\n\n<p><strong>San Pedro ser\u00e1 sede del 11\u00b0 Encuentro Fan\u00e1ticos del Jeep IKA<\/strong>, un evento que reunir\u00e1 a entusiastas de todo el pa\u00eds entre el <strong>viernes 19 y el domingo 21 de septiembre<\/strong> en el Paseo P\u00fablico Municipal y otros puntos destacados de la ciudad.<\/p>\n\n\n\n<p><strong>Copete:<\/strong> San Pedro recibir\u00e1 a fan\u00e1ticos de todo el pa\u00eds en el 11\u00b0 Encuentro del Jeep IKA con exhibiciones, traves\u00edas y actividades durante tres d\u00edas.<\/p>\n\n\n\n<p>El cronograma comenzar\u00e1 el <strong>viernes 19 a las 17:30<\/strong> con la <strong>recepci\u00f3n de participantes en el Palacio Municipal<\/strong>. Esa misma noche, a las <strong>19:30<\/strong>, tendr\u00e1 lugar una <strong>traves\u00eda nocturna<\/strong> por diferentes sectores de la ciudad.<\/p>\n\n\n\n<p>El <strong>s\u00e1bado 20<\/strong> ser\u00e1 la jornada central con una <strong>gran exhibici\u00f3n de Jeeps IKA en el Paseo P\u00fablico<\/strong> desde las 10:00. La programaci\u00f3n incluir\u00e1 un <strong>almuerzo de camarader\u00eda<\/strong>, una <strong>traves\u00eda 4&#215;2 y 4&#215;4<\/strong> y culminar\u00e1 con una <strong>cena con asado en el Tiro Federal<\/strong>.<\/p>\n\n\n\n<p>El evento cerrar\u00e1 el <strong>domingo 21<\/strong> con un <strong>desayuno en el Paseo P\u00fablico a las 11:30<\/strong>, seguido de una <strong>traves\u00eda hacia Vuelta de Obligado<\/strong>, donde se compartir\u00e1 un almuerzo y la despedida final.<\/p>\n\n\n\n<p>La organizaci\u00f3n est\u00e1 a cargo de la <strong>agrupaci\u00f3n Fan\u00e1ticos del Jeep IKA<\/strong>, con el <strong>acompa\u00f1amiento de la Municipalidad de San Pedro<\/strong>, consolidando un cl\u00e1sico encuentro que cada a\u00f1o atrae a cientos de visitantes.<\/p>\n\n\n\n<p>#JeepIKA #EncuentroJeep #SanPedroEventos #TurismoSanPedro #Fan\u00e1ticosDelJeep<\/p>\n","protected":false},"excerpt":{"rendered":"<p>San Pedro ser\u00e1 sede del 11\u00b0 Encuentro Fan\u00e1ticos del Jeep IKA, un evento que reunir\u00e1 a entusiastas de todo el pa\u00eds entre el viernes 19 y el domingo 21 de septiembre en el Paseo P\u00fablico Municipal y otros puntos destacados de la ciudad. Copete: San Pedro recibir\u00e1 a fan\u00e1ticos de todo el pa\u00eds en el [&hellip;]<\/p>\n","protected":false},"author":4,"featured_media":143645,"comment_status":"closed","ping_status":"closed","sticky":false,"template":"","format":"standard","meta":{"om_disable_all_campaigns":false,"_jetpack_memberships_contains_paid_content":false,"footnotes":""},"categories":[101,2],"tags":[6156,6157,6158,4085,6159,6160],"class_list":["post-143644","post","type-post","status-publish","format-standard","has-post-thumbnail","hentry","category-interes-general-locales","category-locales","tag-encuentro-jeep-ika","tag-jeep-ika-11-aniversario","tag-jeeps-en-san-pedro","tag-paseo-publico-municipal","tag-travesia-4x4-san-pedro","tag-turismo-vuelta-de-obligado"],"aioseo_notices":[],"gutentor_comment":0,"jetpack_featured_media_url":"https:\/\/eldiariodesanpedro.com.ar\/sitio\/wp-content\/uploads\/2025\/09\/medida-1-4.jpg","jetpack_shortlink":"https:\/\/wp.me\/p6RhLt-BmQ","jetpack_sharing_enabled":true,"_links":{"self":[{"href":"https:\/\/eldiariodesanpedro.com.ar\/sitio\/wp-json\/wp\/v2\/posts\/143644","targetHints":{"allow":["GET"]}}],"collection":[{"href":"https:\/\/eldiariodesanpedro.com.ar\/sitio\/wp-json\/wp\/v2\/posts"}],"about":[{"href":"https:\/\/eldiariodesanpedro.com.ar\/sitio\/wp-json\/wp\/v2\/types\/post"}],"author":[{"embeddable":true,"href":"https:\/\/eldiariodesanpedro.com.ar\/sitio\/wp-json\/wp\/v2\/users\/4"}],"replies":[{"embeddable":true,"href":"https:\/\/eldiariodesanpedro.com.ar\/sitio\/wp-json\/wp\/v2\/comments?post=143644"}],"version-history":[{"count":1,"href":"https:\/\/eldiariodesanpedro.com.ar\/sitio\/wp-json\/wp\/v2\/posts\/143644\/revisions"}],"predecessor-version":[{"id":143646,"href":"https:\/\/eldiariodesanpedro.com.ar\/sitio\/wp-json\/wp\/v2\/posts\/143644\/revisions\/143646"}],"wp:featuredmedia":[{"embeddable":true,"href":"https:\/\/eldiariodesanpedro.com.ar\/sitio\/wp-json\/wp\/v2\/media\/143645"}],"wp:attachment":[{"href":"https:\/\/eldiariodesanpedro.com.ar\/sitio\/wp-json\/wp\/v2\/media?parent=143644"}],"wp:term":[{"taxonomy":"category","embeddable":true,"href":"https:\/\/eldiariodesanpedro.com.ar\/sitio\/wp-json\/wp\/v2\/categories?post=143644"},{"taxonomy":"post_tag","embeddable":true,"href":"https:\/\/eldiariodesanpedro.com.ar\/sitio\/wp-json\/wp\/v2\/tags?post=143644"}],"curies":[{"name":"wp","href":"https:\/\/api.w.org\/{rel}","templated":true}]}}