{"id":143641,"date":"2025-09-15T10:33:27","date_gmt":"2025-09-15T13:33:27","guid":{"rendered":"https:\/\/eldiariodesanpedro.com.ar\/sitio\/?p=143641"},"modified":"2025-09-15T10:33:32","modified_gmt":"2025-09-15T13:33:32","slug":"controles-de-transito-retuvieron-17-motocicletas-por-distintas-faltas-en-operativos-conjuntos","status":"publish","type":"post","link":"https:\/\/eldiariodesanpedro.com.ar\/sitio\/controles-de-transito-retuvieron-17-motocicletas-por-distintas-faltas-en-operativos-conjuntos\/","title":{"rendered":"Controles de tr\u00e1nsito: retuvieron 17 motocicletas por distintas faltas en operativos conjuntos"},"content":{"rendered":"<!-- VideographyWP Plugin Message: Automatic video embedding prevented by plugin options. -->\n\n<p><em>La Direcci\u00f3n de Tr\u00e1nsito junto a la Polic\u00eda Comunal y el GAD realizaron controles vehiculares en los que se secuestraron 17 motos por infracciones.<\/em><\/p>\n\n\n\n<p>En un <strong>operativo de control vehicular<\/strong> llevado adelante por la <strong>Direcci\u00f3n de Tr\u00e1nsito de la Municipalidad de San Pedro<\/strong>, en conjunto con la <strong>Estaci\u00f3n de Polic\u00eda Comunal<\/strong> y el <strong>Grupo de Apoyo Departamental (GAD)<\/strong>, se procedi\u00f3 a la <strong>retenci\u00f3n de 17 motocicletas<\/strong> por diversas irregularidades.<\/p>\n\n\n\n<p>Los procedimientos, enfocados en reforzar la <strong>seguridad vial<\/strong>, tuvieron como principal eje la <strong>fiscalizaci\u00f3n de la documentaci\u00f3n obligatoria<\/strong> tanto de los veh\u00edculos como de sus conductores. Entre las faltas m\u00e1s frecuentes detectadas se encontraron la <strong>falta de papeles del rodado<\/strong>, la <strong>ausencia de licencia de conducir<\/strong>, la <strong>carencia de seguro obligatorio<\/strong> y el <strong>no uso del casco<\/strong>.<\/p>\n\n\n\n<p>Seg\u00fan confirmaron fuentes oficiales, las <strong>motocicletas retenidas fueron trasladadas al dep\u00f3sito municipal<\/strong>, quedando a disposici\u00f3n de las autoridades competentes.<\/p>\n\n\n\n<p>Tr\u00e1nsito #SeguridadVial #ControlesVehiculares #SanPedro #Polic\u00edaComunal<\/p>\n","protected":false},"excerpt":{"rendered":"<p>La Direcci\u00f3n de Tr\u00e1nsito junto a la Polic\u00eda Comunal y el GAD realizaron controles vehiculares en los que se secuestraron 17 motos por infracciones. En un operativo de control vehicular llevado adelante por la Direcci\u00f3n de Tr\u00e1nsito de la Municipalidad de San Pedro, en conjunto con la Estaci\u00f3n de Polic\u00eda Comunal y el Grupo de [&hellip;]<\/p>\n","protected":false},"author":4,"featured_media":143642,"comment_status":"closed","ping_status":"closed","sticky":false,"template":"","format":"standard","meta":{"om_disable_all_campaigns":false,"_jetpack_memberships_contains_paid_content":false,"footnotes":""},"categories":[2,103],"tags":[6154,6152,6153,6155,2761],"class_list":["post-143641","post","type-post","status-publish","format-standard","has-post-thumbnail","hentry","category-locales","category-policiales-locales","tag-controles-vehiculares-san-pedro","tag-direccion-de-transito-san-pedro","tag-infracciones-transito","tag-retencion-de-motos","tag-seguridad-vial"],"aioseo_notices":[],"gutentor_comment":0,"jetpack_featured_media_url":"https:\/\/eldiariodesanpedro.com.ar\/sitio\/wp-content\/uploads\/2025\/09\/1757873941955665-0.jpg","jetpack_shortlink":"https:\/\/wp.me\/p6RhLt-BmN","jetpack_sharing_enabled":true,"_links":{"self":[{"href":"https:\/\/eldiariodesanpedro.com.ar\/sitio\/wp-json\/wp\/v2\/posts\/143641","targetHints":{"allow":["GET"]}}],"collection":[{"href":"https:\/\/eldiariodesanpedro.com.ar\/sitio\/wp-json\/wp\/v2\/posts"}],"about":[{"href":"https:\/\/eldiariodesanpedro.com.ar\/sitio\/wp-json\/wp\/v2\/types\/post"}],"author":[{"embeddable":true,"href":"https:\/\/eldiariodesanpedro.com.ar\/sitio\/wp-json\/wp\/v2\/users\/4"}],"replies":[{"embeddable":true,"href":"https:\/\/eldiariodesanpedro.com.ar\/sitio\/wp-json\/wp\/v2\/comments?post=143641"}],"version-history":[{"count":1,"href":"https:\/\/eldiariodesanpedro.com.ar\/sitio\/wp-json\/wp\/v2\/posts\/143641\/revisions"}],"predecessor-version":[{"id":143643,"href":"https:\/\/eldiariodesanpedro.com.ar\/sitio\/wp-json\/wp\/v2\/posts\/143641\/revisions\/143643"}],"wp:featuredmedia":[{"embeddable":true,"href":"https:\/\/eldiariodesanpedro.com.ar\/sitio\/wp-json\/wp\/v2\/media\/143642"}],"wp:attachment":[{"href":"https:\/\/eldiariodesanpedro.com.ar\/sitio\/wp-json\/wp\/v2\/media?parent=143641"}],"wp:term":[{"taxonomy":"category","embeddable":true,"href":"https:\/\/eldiariodesanpedro.com.ar\/sitio\/wp-json\/wp\/v2\/categories?post=143641"},{"taxonomy":"post_tag","embeddable":true,"href":"https:\/\/eldiariodesanpedro.com.ar\/sitio\/wp-json\/wp\/v2\/tags?post=143641"}],"curies":[{"name":"wp","href":"https:\/\/api.w.org\/{rel}","templated":true}]}}