{"id":14364,"date":"2017-02-08T21:13:18","date_gmt":"2017-02-09T00:13:18","guid":{"rendered":"https:\/\/eldiariodesanpedro.com.ar\/sitio\/?p=14364"},"modified":"2017-02-08T21:13:18","modified_gmt":"2017-02-09T00:13:18","slug":"campana-un-hombre-fue-apunalado-luego-de-ser-senalado-como-autor-de-un-robo","status":"publish","type":"post","link":"https:\/\/eldiariodesanpedro.com.ar\/sitio\/campana-un-hombre-fue-apunalado-luego-de-ser-senalado-como-autor-de-un-robo\/","title":{"rendered":"CAMPANA: Un hombre fue apu\u00f1alado luego de ser se\u00f1alado como autor de un robo"},"content":{"rendered":"<p><!-- VideographyWP Plugin Message: Automatic video embedding prevented by plugin options. --><br \/>\nLa presunta v\u00edctima se convirti\u00f3 en victimario, en un sangriento hecho ocurrido pasadas las 21 horas en el B\u00b0 Lubo. El sospechoso muri\u00f3 producto de las heridas de un arma blanca, mientras que su agresor se entreg\u00f3 a la Polic\u00eda.<\/p>\n<p>Un robo que termin\u00f3 en homicidio, donde los roles de v\u00edctima y victimario se intercambiaron, convirtiendo el hecho en un presunto caso de justicia por mano propia.<\/p>\n<p>As\u00ed lo detallan vecinos del B\u00b0Lubo, cuando cerca de las 21 horas, fueron testigos del episodio que termin\u00f3 con la vida de Juan Ort\u00edz, de 23 a\u00f1os y domiciliado en la calle Misiones. Al parecer, el sujeto hab\u00eda sido se\u00f1alado por lugare\u00f1os como autor del robo a una vivienda.<br \/>\nY fue precisamente el due\u00f1o de la mencionada propiedad que tras increpar al presunto ladr\u00f3n, lo apu\u00f1al\u00f3, hiri\u00e9ndolo de gravedad, a metros del domicilio.<\/p>\n<p>Entonces, el presunto victimario se convirti\u00f3 en v\u00edctima, siendo trasladado de urgencia al Hospital, donde poco despu\u00e9s, falleci\u00f3. Su agresor se habr\u00eda entregado a la Polic\u00eda. (Campana Noticias)<\/p>\n","protected":false},"excerpt":{"rendered":"<p>La presunta v\u00edctima se convirti\u00f3 en victimario, en un sangriento hecho ocurrido pasadas las 21 horas en el B\u00b0 Lubo. El sospechoso muri\u00f3 producto de las heridas de un arma blanca, mientras que su agresor se entreg\u00f3 a la Polic\u00eda. Un robo que termin\u00f3 en homicidio, donde los roles de v\u00edctima y victimario se intercambiaron, [&hellip;]<\/p>\n","protected":false},"author":4,"featured_media":14365,"comment_status":"open","ping_status":"closed","sticky":false,"template":"","format":"standard","meta":{"om_disable_all_campaigns":false,"_jetpack_memberships_contains_paid_content":false,"footnotes":""},"categories":[621],"tags":[],"class_list":["post-14364","post","type-post","status-publish","format-standard","has-post-thumbnail","hentry","category-regionales"],"aioseo_notices":[],"gutentor_comment":0,"jetpack_featured_media_url":"https:\/\/eldiariodesanpedro.com.ar\/sitio\/wp-content\/uploads\/2017\/02\/Un-hombre-fue-apu\u00f1alado-luego-de-ser-se\u00f1alado-como-autor-de-un-robo.jpg","jetpack_shortlink":"https:\/\/wp.me\/p6RhLt-3JG","jetpack_sharing_enabled":true,"_links":{"self":[{"href":"https:\/\/eldiariodesanpedro.com.ar\/sitio\/wp-json\/wp\/v2\/posts\/14364","targetHints":{"allow":["GET"]}}],"collection":[{"href":"https:\/\/eldiariodesanpedro.com.ar\/sitio\/wp-json\/wp\/v2\/posts"}],"about":[{"href":"https:\/\/eldiariodesanpedro.com.ar\/sitio\/wp-json\/wp\/v2\/types\/post"}],"author":[{"embeddable":true,"href":"https:\/\/eldiariodesanpedro.com.ar\/sitio\/wp-json\/wp\/v2\/users\/4"}],"replies":[{"embeddable":true,"href":"https:\/\/eldiariodesanpedro.com.ar\/sitio\/wp-json\/wp\/v2\/comments?post=14364"}],"version-history":[{"count":1,"href":"https:\/\/eldiariodesanpedro.com.ar\/sitio\/wp-json\/wp\/v2\/posts\/14364\/revisions"}],"predecessor-version":[{"id":14366,"href":"https:\/\/eldiariodesanpedro.com.ar\/sitio\/wp-json\/wp\/v2\/posts\/14364\/revisions\/14366"}],"wp:featuredmedia":[{"embeddable":true,"href":"https:\/\/eldiariodesanpedro.com.ar\/sitio\/wp-json\/wp\/v2\/media\/14365"}],"wp:attachment":[{"href":"https:\/\/eldiariodesanpedro.com.ar\/sitio\/wp-json\/wp\/v2\/media?parent=14364"}],"wp:term":[{"taxonomy":"category","embeddable":true,"href":"https:\/\/eldiariodesanpedro.com.ar\/sitio\/wp-json\/wp\/v2\/categories?post=14364"},{"taxonomy":"post_tag","embeddable":true,"href":"https:\/\/eldiariodesanpedro.com.ar\/sitio\/wp-json\/wp\/v2\/tags?post=14364"}],"curies":[{"name":"wp","href":"https:\/\/api.w.org\/{rel}","templated":true}]}}