{"id":143633,"date":"2025-09-15T09:50:09","date_gmt":"2025-09-15T12:50:09","guid":{"rendered":"https:\/\/eldiariodesanpedro.com.ar\/sitio\/?p=143633"},"modified":"2025-09-15T09:51:01","modified_gmt":"2025-09-15T12:51:01","slug":"masculino-aprehendido-por-amenazas-en-un-hecho-de-violencia-familiar","status":"publish","type":"post","link":"https:\/\/eldiariodesanpedro.com.ar\/sitio\/masculino-aprehendido-por-amenazas-en-un-hecho-de-violencia-familiar\/","title":{"rendered":"Masculino aprehendido por amenazas en un hecho de violencia familiar"},"content":{"rendered":"<!-- VideographyWP Plugin Message: Automatic video embedding prevented by plugin options. -->\n\n<p>Un joven de 19 a\u00f1os fue detenido tras amenazar de muerte a su ex pareja en la v\u00eda p\u00fablica. La v\u00edctima pidi\u00f3 medidas de protecci\u00f3n.<\/p>\n\n\n\n<p>En la <strong>noche de ayer<\/strong>, personal de la <strong>Estaci\u00f3n de Polic\u00eda Comunal<\/strong> intervino tras un llamado al <strong>911<\/strong> que alertaba sobre un episodio de <strong>violencia familiar en la v\u00eda p\u00fablica<\/strong>.<\/p>\n\n\n\n<p>El procedimiento se llev\u00f3 a cabo en la intersecci\u00f3n de las calles <strong>Auli y Manuel Iglesias<\/strong>, donde los efectivos procedieron a la <strong>aprehensi\u00f3n de un joven de 19 a\u00f1os<\/strong>, quien momentos antes hab\u00eda <strong>amenazado de muerte a su ex pareja de 20 a\u00f1os<\/strong>.<\/p>\n\n\n\n<p>La v\u00edctima fue asistida en la <strong>Comisar\u00eda de la Mujer y la Familia<\/strong>, donde solicit\u00f3 <strong>medidas cautelares<\/strong> para garantizar su resguardo.<\/p>\n\n\n\n<p>Con la intervenci\u00f3n de la <strong>UFI N\u00b0 7 de San Pedro<\/strong>, el masculino permanece alojado a disposici\u00f3n de la Justicia por el delito de <strong>amenazas<\/strong>.<\/p>\n\n\n\n<p>ViolenciaFamiliar #Seguridad #SanPedro #Policiales #Justicia<\/p>\n","protected":false},"excerpt":{"rendered":"<p>Un joven de 19 a\u00f1os fue detenido tras amenazar de muerte a su ex pareja en la v\u00eda p\u00fablica. La v\u00edctima pidi\u00f3 medidas de protecci\u00f3n. En la noche de ayer, personal de la Estaci\u00f3n de Polic\u00eda Comunal intervino tras un llamado al 911 que alertaba sobre un episodio de violencia familiar en la v\u00eda p\u00fablica. [&hellip;]<\/p>\n","protected":false},"author":4,"featured_media":143634,"comment_status":"closed","ping_status":"closed","sticky":false,"template":"","format":"standard","meta":{"om_disable_all_campaigns":false,"_jetpack_memberships_contains_paid_content":false,"footnotes":""},"categories":[2,103],"tags":[6139,6140,3694,5441,6141],"class_list":["post-143633","post","type-post","status-publish","format-standard","has-post-thumbnail","hentry","category-locales","category-policiales-locales","tag-amenazas-ex-pareja","tag-aprehendido-violencia-familiar","tag-intervencion-policial","tag-joven-detenido-san-pedro","tag-ufi-n7-san-pedro"],"aioseo_notices":[],"gutentor_comment":0,"jetpack_featured_media_url":"https:\/\/eldiariodesanpedro.com.ar\/sitio\/wp-content\/uploads\/2025\/09\/medida-1-2.jpg","jetpack_shortlink":"https:\/\/wp.me\/p6RhLt-BmF","jetpack_sharing_enabled":true,"_links":{"self":[{"href":"https:\/\/eldiariodesanpedro.com.ar\/sitio\/wp-json\/wp\/v2\/posts\/143633","targetHints":{"allow":["GET"]}}],"collection":[{"href":"https:\/\/eldiariodesanpedro.com.ar\/sitio\/wp-json\/wp\/v2\/posts"}],"about":[{"href":"https:\/\/eldiariodesanpedro.com.ar\/sitio\/wp-json\/wp\/v2\/types\/post"}],"author":[{"embeddable":true,"href":"https:\/\/eldiariodesanpedro.com.ar\/sitio\/wp-json\/wp\/v2\/users\/4"}],"replies":[{"embeddable":true,"href":"https:\/\/eldiariodesanpedro.com.ar\/sitio\/wp-json\/wp\/v2\/comments?post=143633"}],"version-history":[{"count":1,"href":"https:\/\/eldiariodesanpedro.com.ar\/sitio\/wp-json\/wp\/v2\/posts\/143633\/revisions"}],"predecessor-version":[{"id":143635,"href":"https:\/\/eldiariodesanpedro.com.ar\/sitio\/wp-json\/wp\/v2\/posts\/143633\/revisions\/143635"}],"wp:featuredmedia":[{"embeddable":true,"href":"https:\/\/eldiariodesanpedro.com.ar\/sitio\/wp-json\/wp\/v2\/media\/143634"}],"wp:attachment":[{"href":"https:\/\/eldiariodesanpedro.com.ar\/sitio\/wp-json\/wp\/v2\/media?parent=143633"}],"wp:term":[{"taxonomy":"category","embeddable":true,"href":"https:\/\/eldiariodesanpedro.com.ar\/sitio\/wp-json\/wp\/v2\/categories?post=143633"},{"taxonomy":"post_tag","embeddable":true,"href":"https:\/\/eldiariodesanpedro.com.ar\/sitio\/wp-json\/wp\/v2\/tags?post=143633"}],"curies":[{"name":"wp","href":"https:\/\/api.w.org\/{rel}","templated":true}]}}