{"id":14361,"date":"2017-02-08T21:11:34","date_gmt":"2017-02-09T00:11:34","guid":{"rendered":"https:\/\/eldiariodesanpedro.com.ar\/sitio\/?p=14361"},"modified":"2017-02-08T21:11:34","modified_gmt":"2017-02-09T00:11:34","slug":"san-nicolas-imputaron-a-un-menor-por-el-incendio-de-la-catedral","status":"publish","type":"post","link":"https:\/\/eldiariodesanpedro.com.ar\/sitio\/san-nicolas-imputaron-a-un-menor-por-el-incendio-de-la-catedral\/","title":{"rendered":"SAN NICOL\u00c1S: Imputaron a un menor por el incendio de la Catedral"},"content":{"rendered":"<p><!-- VideographyWP Plugin Message: Automatic video embedding prevented by plugin options. --><br \/>\nEl joven de 16 a\u00f1os que se present\u00f3 en la Comisar\u00eda Primera el pasado s\u00e1bado y se atribuy\u00f3 el siniestro de la Catedral de San Nicol\u00e1s, fue imputado por el Fiscal de Menores, Dr. Jos\u00e9 Mar\u00eda Guadagnoli por el delito de \u201cIncendio\u201d.<\/p>\n<p>En primera instancia, luego de haber confesado en sede policial el hecho, el fiscal orden\u00f3 que el menor se retirara a su domicilio y le notific\u00f3 que luego ser\u00eda citado a declarar con todas las garant\u00edas legales para este procedimiento.<\/p>\n<p>De inmediato, el Dr. Guadagnoli junto a la instructora judicial se interiorizaron en la causa que estaba previamente en manos del Fiscal Dr. Julio Tan\u00fas, y minutos despu\u00e9s solicit\u00f3 una audiencia en sede de Fiscal\u00eda.<\/p>\n<p>El menor se reuni\u00f3 previamente con su defensora, y al momento de declarar se arrog\u00f3 su derecho de guardar silencio.<\/p>\n<p>No obstante, el Fiscal de Menores consider\u00f3 que los elementos reunidos por el Dr. Tan\u00fas eran material suficiente para imputarle el delito.<\/p>\n<p>La investigaci\u00f3n contin\u00faa para establecer si hay otros c\u00f3mplices que acompa\u00f1aron al menor. (Diario El informante).<\/p>\n","protected":false},"excerpt":{"rendered":"<p>El joven de 16 a\u00f1os que se present\u00f3 en la Comisar\u00eda Primera el pasado s\u00e1bado y se atribuy\u00f3 el siniestro de la Catedral de San Nicol\u00e1s, fue imputado por el Fiscal de Menores, Dr. Jos\u00e9 Mar\u00eda Guadagnoli por el delito de \u201cIncendio\u201d. En primera instancia, luego de haber confesado en sede policial el hecho, el [&hellip;]<\/p>\n","protected":false},"author":4,"featured_media":14362,"comment_status":"open","ping_status":"closed","sticky":false,"template":"","format":"standard","meta":{"om_disable_all_campaigns":false,"_jetpack_memberships_contains_paid_content":false,"footnotes":""},"categories":[621],"tags":[],"class_list":["post-14361","post","type-post","status-publish","format-standard","has-post-thumbnail","hentry","category-regionales"],"aioseo_notices":[],"gutentor_comment":0,"jetpack_featured_media_url":"https:\/\/eldiariodesanpedro.com.ar\/sitio\/wp-content\/uploads\/2017\/02\/La-catedral-tras-el-incendio.jpg","jetpack_shortlink":"https:\/\/wp.me\/p6RhLt-3JD","jetpack_sharing_enabled":true,"_links":{"self":[{"href":"https:\/\/eldiariodesanpedro.com.ar\/sitio\/wp-json\/wp\/v2\/posts\/14361","targetHints":{"allow":["GET"]}}],"collection":[{"href":"https:\/\/eldiariodesanpedro.com.ar\/sitio\/wp-json\/wp\/v2\/posts"}],"about":[{"href":"https:\/\/eldiariodesanpedro.com.ar\/sitio\/wp-json\/wp\/v2\/types\/post"}],"author":[{"embeddable":true,"href":"https:\/\/eldiariodesanpedro.com.ar\/sitio\/wp-json\/wp\/v2\/users\/4"}],"replies":[{"embeddable":true,"href":"https:\/\/eldiariodesanpedro.com.ar\/sitio\/wp-json\/wp\/v2\/comments?post=14361"}],"version-history":[{"count":1,"href":"https:\/\/eldiariodesanpedro.com.ar\/sitio\/wp-json\/wp\/v2\/posts\/14361\/revisions"}],"predecessor-version":[{"id":14363,"href":"https:\/\/eldiariodesanpedro.com.ar\/sitio\/wp-json\/wp\/v2\/posts\/14361\/revisions\/14363"}],"wp:featuredmedia":[{"embeddable":true,"href":"https:\/\/eldiariodesanpedro.com.ar\/sitio\/wp-json\/wp\/v2\/media\/14362"}],"wp:attachment":[{"href":"https:\/\/eldiariodesanpedro.com.ar\/sitio\/wp-json\/wp\/v2\/media?parent=14361"}],"wp:term":[{"taxonomy":"category","embeddable":true,"href":"https:\/\/eldiariodesanpedro.com.ar\/sitio\/wp-json\/wp\/v2\/categories?post=14361"},{"taxonomy":"post_tag","embeddable":true,"href":"https:\/\/eldiariodesanpedro.com.ar\/sitio\/wp-json\/wp\/v2\/tags?post=14361"}],"curies":[{"name":"wp","href":"https:\/\/api.w.org\/{rel}","templated":true}]}}