{"id":143584,"date":"2025-09-14T08:31:10","date_gmt":"2025-09-14T11:31:10","guid":{"rendered":"https:\/\/eldiariodesanpedro.com.ar\/sitio\/?p=143584"},"modified":"2026-01-24T00:47:23","modified_gmt":"2026-01-24T03:47:23","slug":"fallecio-raul-rodolfo-galvan-mino-a-los-53-anos","status":"publish","type":"post","link":"https:\/\/eldiariodesanpedro.com.ar\/sitio\/fallecio-raul-rodolfo-galvan-mino-a-los-53-anos\/","title":{"rendered":"Falleci\u00f3 Ra\u00fal Rodolfo Galv\u00e1n Mi\u00f1o a los 53 a\u00f1os"},"content":{"rendered":"<!-- VideographyWP Plugin Message: Automatic video embedding prevented by plugin options. -->\n\n<p>Con profundo pesar se comunica el fallecimiento de <strong>Ra\u00fal Rodolfo Galv\u00e1n Mi\u00f1o<\/strong>, quien ser\u00e1 despedido en la sala velatoria N\u00b0 4 de COOPSER.<\/p>\n\n\n\n<p>La comunidad despide con dolor a <strong>Ra\u00fal Rodolfo Galv\u00e1n Mi\u00f1o<\/strong>, quien falleci\u00f3 a los <strong>53 a\u00f1os<\/strong>. Sus restos son velados en la <strong>Sala N\u00b0 4 de COOPSER Servicios Sociales<\/strong>, ubicada en <strong>3 de Febrero 1475<\/strong>.<\/p>\n\n\n\n<p>El <strong>servicio velatorio se extender\u00e1 hasta las 10:00 horas del s\u00e1bado 13 de septiembre de 2025<\/strong>, momento en el que familiares, amigos y allegados tendr\u00e1n la oportunidad de brindar su \u00faltimo adi\u00f3s.<\/p>\n\n\n\n<p>Desde COOPSER Servicios Sociales acompa\u00f1an en este dif\u00edcil momento a todos sus seres queridos.<\/p>\n\n\n\n<p>#Obituario #SanPedro #COOPSER #ServicioF\u00fanebre<\/p>\n","protected":false},"excerpt":{"rendered":"<p>Con profundo pesar se comunica el fallecimiento de Ra\u00fal Rodolfo Galv\u00e1n Mi\u00f1o, quien ser\u00e1 despedido en la sala velatoria N\u00b0 4 de COOPSER. La comunidad despide con dolor a Ra\u00fal Rodolfo Galv\u00e1n Mi\u00f1o, quien falleci\u00f3 a los 53 a\u00f1os. Sus restos son velados en la Sala N\u00b0 4 de COOPSER Servicios Sociales, ubicada en 3 [&hellip;]<\/p>\n","protected":false},"author":4,"featured_media":113757,"comment_status":"closed","ping_status":"closed","sticky":false,"template":"","format":"standard","meta":{"om_disable_all_campaigns":false,"_jetpack_memberships_contains_paid_content":false,"footnotes":""},"categories":[8424],"tags":[5113,6096,5112,5322,6097],"class_list":["post-143584","post","type-post","status-publish","format-standard","has-post-thumbnail","hentry","category-necrologicas","tag-coopser-servicios-sociales","tag-fallecio-raul-rodolfo-galvan-mino","tag-obituario-san-pedro","tag-sala-velatoria-3-de-febrero-1475","tag-servicio-velatorio"],"aioseo_notices":[],"gutentor_comment":0,"jetpack_featured_media_url":"https:\/\/eldiariodesanpedro.com.ar\/sitio\/wp-content\/uploads\/2023\/01\/necrologicas.jpg","jetpack_shortlink":"https:\/\/wp.me\/p6RhLt-BlS","jetpack_sharing_enabled":true,"_links":{"self":[{"href":"https:\/\/eldiariodesanpedro.com.ar\/sitio\/wp-json\/wp\/v2\/posts\/143584","targetHints":{"allow":["GET"]}}],"collection":[{"href":"https:\/\/eldiariodesanpedro.com.ar\/sitio\/wp-json\/wp\/v2\/posts"}],"about":[{"href":"https:\/\/eldiariodesanpedro.com.ar\/sitio\/wp-json\/wp\/v2\/types\/post"}],"author":[{"embeddable":true,"href":"https:\/\/eldiariodesanpedro.com.ar\/sitio\/wp-json\/wp\/v2\/users\/4"}],"replies":[{"embeddable":true,"href":"https:\/\/eldiariodesanpedro.com.ar\/sitio\/wp-json\/wp\/v2\/comments?post=143584"}],"version-history":[{"count":1,"href":"https:\/\/eldiariodesanpedro.com.ar\/sitio\/wp-json\/wp\/v2\/posts\/143584\/revisions"}],"predecessor-version":[{"id":143585,"href":"https:\/\/eldiariodesanpedro.com.ar\/sitio\/wp-json\/wp\/v2\/posts\/143584\/revisions\/143585"}],"wp:featuredmedia":[{"embeddable":true,"href":"https:\/\/eldiariodesanpedro.com.ar\/sitio\/wp-json\/wp\/v2\/media\/113757"}],"wp:attachment":[{"href":"https:\/\/eldiariodesanpedro.com.ar\/sitio\/wp-json\/wp\/v2\/media?parent=143584"}],"wp:term":[{"taxonomy":"category","embeddable":true,"href":"https:\/\/eldiariodesanpedro.com.ar\/sitio\/wp-json\/wp\/v2\/categories?post=143584"},{"taxonomy":"post_tag","embeddable":true,"href":"https:\/\/eldiariodesanpedro.com.ar\/sitio\/wp-json\/wp\/v2\/tags?post=143584"}],"curies":[{"name":"wp","href":"https:\/\/api.w.org\/{rel}","templated":true}]}}