{"id":143581,"date":"2025-09-14T08:23:34","date_gmt":"2025-09-14T11:23:34","guid":{"rendered":"https:\/\/eldiariodesanpedro.com.ar\/sitio\/?p=143581"},"modified":"2026-01-24T00:47:23","modified_gmt":"2026-01-24T03:47:23","slug":"fallecio-antonio-segundo-reinahuel-a-los-85-anos","status":"publish","type":"post","link":"https:\/\/eldiariodesanpedro.com.ar\/sitio\/fallecio-antonio-segundo-reinahuel-a-los-85-anos\/","title":{"rendered":"Falleci\u00f3 Antonio Segundo Reinahuel a los 85 a\u00f1os"},"content":{"rendered":"<!-- VideographyWP Plugin Message: Automatic video embedding prevented by plugin options. -->\n\n<p>A los 85 a\u00f1os falleci\u00f3 Antonio Segundo Reinahuel. El velatorio se realiza en Sala N\u00b03 y el servicio ser\u00e1 hasta el s\u00e1bado 13 de septiembre.<\/p>\n\n\n\n<p>La comunidad despide a <strong>Antonio Segundo Reinahuel<\/strong>, quien falleci\u00f3 a los <strong>85 a\u00f1os<\/strong>. Sus restos son velados en la <strong>Sala N\u00b03<\/strong> de la sede de <strong>COOPSER Servicios Sociales<\/strong>, ubicada en <strong>3 de Febrero 1475<\/strong>.<\/p>\n\n\n\n<p>El servicio f\u00fanebre se extender\u00e1 <strong>hasta las 09:00 horas del s\u00e1bado 13 de septiembre de 2025<\/strong>, momento en que familiares y allegados podr\u00e1n brindarle el \u00faltimo adi\u00f3s.<\/p>\n\n\n\n<p>#Fallecimiento #Obituario #SanPedro #COOPSER #DespidaAntonioReinahuel<\/p>\n","protected":false},"excerpt":{"rendered":"<p>A los 85 a\u00f1os falleci\u00f3 Antonio Segundo Reinahuel. El velatorio se realiza en Sala N\u00b03 y el servicio ser\u00e1 hasta el s\u00e1bado 13 de septiembre. La comunidad despide a Antonio Segundo Reinahuel, quien falleci\u00f3 a los 85 a\u00f1os. Sus restos son velados en la Sala N\u00b03 de la sede de COOPSER Servicios Sociales, ubicada en [&hellip;]<\/p>\n","protected":false},"author":4,"featured_media":113757,"comment_status":"closed","ping_status":"closed","sticky":false,"template":"","format":"standard","meta":{"om_disable_all_campaigns":false,"_jetpack_memberships_contains_paid_content":false,"footnotes":""},"categories":[8424],"tags":[5113,6093,5112,6094],"class_list":["post-143581","post","type-post","status-publish","format-standard","has-post-thumbnail","hentry","category-necrologicas","tag-coopser-servicios-sociales","tag-fallecio-antonio-segundo-reinahuel","tag-obituario-san-pedro","tag-velatorio-sala-3"],"aioseo_notices":[],"gutentor_comment":0,"jetpack_featured_media_url":"https:\/\/eldiariodesanpedro.com.ar\/sitio\/wp-content\/uploads\/2023\/01\/necrologicas.jpg","jetpack_shortlink":"https:\/\/wp.me\/p6RhLt-BlP","jetpack_sharing_enabled":true,"_links":{"self":[{"href":"https:\/\/eldiariodesanpedro.com.ar\/sitio\/wp-json\/wp\/v2\/posts\/143581","targetHints":{"allow":["GET"]}}],"collection":[{"href":"https:\/\/eldiariodesanpedro.com.ar\/sitio\/wp-json\/wp\/v2\/posts"}],"about":[{"href":"https:\/\/eldiariodesanpedro.com.ar\/sitio\/wp-json\/wp\/v2\/types\/post"}],"author":[{"embeddable":true,"href":"https:\/\/eldiariodesanpedro.com.ar\/sitio\/wp-json\/wp\/v2\/users\/4"}],"replies":[{"embeddable":true,"href":"https:\/\/eldiariodesanpedro.com.ar\/sitio\/wp-json\/wp\/v2\/comments?post=143581"}],"version-history":[{"count":2,"href":"https:\/\/eldiariodesanpedro.com.ar\/sitio\/wp-json\/wp\/v2\/posts\/143581\/revisions"}],"predecessor-version":[{"id":143583,"href":"https:\/\/eldiariodesanpedro.com.ar\/sitio\/wp-json\/wp\/v2\/posts\/143581\/revisions\/143583"}],"wp:featuredmedia":[{"embeddable":true,"href":"https:\/\/eldiariodesanpedro.com.ar\/sitio\/wp-json\/wp\/v2\/media\/113757"}],"wp:attachment":[{"href":"https:\/\/eldiariodesanpedro.com.ar\/sitio\/wp-json\/wp\/v2\/media?parent=143581"}],"wp:term":[{"taxonomy":"category","embeddable":true,"href":"https:\/\/eldiariodesanpedro.com.ar\/sitio\/wp-json\/wp\/v2\/categories?post=143581"},{"taxonomy":"post_tag","embeddable":true,"href":"https:\/\/eldiariodesanpedro.com.ar\/sitio\/wp-json\/wp\/v2\/tags?post=143581"}],"curies":[{"name":"wp","href":"https:\/\/api.w.org\/{rel}","templated":true}]}}