{"id":14358,"date":"2017-02-08T21:07:58","date_gmt":"2017-02-09T00:07:58","guid":{"rendered":"https:\/\/eldiariodesanpedro.com.ar\/sitio\/?p=14358"},"modified":"2017-02-08T21:10:27","modified_gmt":"2017-02-09T00:10:27","slug":"compactaran-600-motos-que-han-sido-secuetradas-entre-el-2015-y-2016","status":"publish","type":"post","link":"https:\/\/eldiariodesanpedro.com.ar\/sitio\/compactaran-600-motos-que-han-sido-secuetradas-entre-el-2015-y-2016\/","title":{"rendered":"Compactar\u00e1n 600 motos que han sido secuetradas entre el 2015 y 2016"},"content":{"rendered":"<p><!-- VideographyWP Plugin Message: Automatic video embedding prevented by plugin options. --><br \/>\nLa iniciativa tiene como objetivo liberar uno de los dep\u00f3sitos utilizados para guardar los rodados que son secuestrados por el personal de la Direcci\u00f3n de Tr\u00e1nsito y Nocturnidad.<\/p>\n<p>En ese sentido, el Juez de Faltas, el Dr. Fabi\u00e1n Rodr\u00edguez, explic\u00f3: \u201cHay una gran cantidad de motos y los vecinos de San Pedro est\u00e1n pagando el alquiler de un galp\u00f3n, entonces la idea es que \u00e9l que est\u00e1 funcionando en calle Saavedra sea totalmente liberado y para eso en la primera etapa se va a mandar a compactarse las motos que est\u00e1s secuestrada de octubre de 2015 a junio de 2016\u201d.<\/p>\n<p>\u201cUna moto tiene $50 de estad\u00eda, al mes es una suma de alrededor de $1500. En 11 meses estamos hablando de $9000, por lo que recuperar la moto s\u00f3lo se justificar\u00eda por una cuesti\u00f3n sentimental\u201d, se\u00f1al\u00f3.<\/p>\n<p>\u201cNosotros vamos a listar todas aquellas motos que est\u00e1n dentro de ese per\u00edodo, se las vamos a comunicar al poder ejecutivo y a trav\u00e9s de un decreto van a iniciar el proceso de compactaci\u00f3n. Se van a publicar todas las motos que est\u00e1n integrando este listado y con un plazo para que se presenten los titulares que se creen con derecho a su recupero y ha vencido el plazo\u201d, luego de ello \u201cse establece directamente la compactaci\u00f3n\u201d.<\/p>\n<p>Ante la gran cantidad de secuestro que se producen a diario, el magistrado opin\u00f3: \u201cLo ideal ser\u00eda que la gente que tiene la retenci\u00f3n al d\u00eda siguiente venga, acredite toda la documentaci\u00f3n correspondiente y se la lleve. Lamentablemente eso no est\u00e1 corriendo porque muchas dificultades de documentaci\u00f3n ac\u00e1\u201d.<\/p>\n<p>En tanto Rodr\u00edguez dijo: \u201cEsta es una tarea a largo plazo se est\u00e1 iniciando ya se ve algunos resultados pero es un trabajo de hormiga que reci\u00e9n en 4 \u00f3 5 a\u00f1os vamos a poder tener un fruto estable\u201d.<\/p>\n","protected":false},"excerpt":{"rendered":"<p>La iniciativa tiene como objetivo liberar uno de los dep\u00f3sitos utilizados para guardar los rodados que son secuestrados por el personal de la Direcci\u00f3n de Tr\u00e1nsito y Nocturnidad. En ese sentido, el Juez de Faltas, el Dr. Fabi\u00e1n Rodr\u00edguez, explic\u00f3: \u201cHay una gran cantidad de motos y los vecinos de San Pedro est\u00e1n pagando el [&hellip;]<\/p>\n","protected":false},"author":4,"featured_media":14359,"comment_status":"open","ping_status":"closed","sticky":false,"template":"","format":"standard","meta":{"om_disable_all_campaigns":false,"_jetpack_memberships_contains_paid_content":false,"footnotes":""},"categories":[2,103],"tags":[],"class_list":["post-14358","post","type-post","status-publish","format-standard","has-post-thumbnail","hentry","category-locales","category-policiales-locales"],"aioseo_notices":[],"gutentor_comment":0,"jetpack_featured_media_url":"https:\/\/eldiariodesanpedro.com.ar\/sitio\/wp-content\/uploads\/2017\/02\/motos-secuestradas.jpg","jetpack_shortlink":"https:\/\/wp.me\/p6RhLt-3JA","jetpack_sharing_enabled":true,"_links":{"self":[{"href":"https:\/\/eldiariodesanpedro.com.ar\/sitio\/wp-json\/wp\/v2\/posts\/14358","targetHints":{"allow":["GET"]}}],"collection":[{"href":"https:\/\/eldiariodesanpedro.com.ar\/sitio\/wp-json\/wp\/v2\/posts"}],"about":[{"href":"https:\/\/eldiariodesanpedro.com.ar\/sitio\/wp-json\/wp\/v2\/types\/post"}],"author":[{"embeddable":true,"href":"https:\/\/eldiariodesanpedro.com.ar\/sitio\/wp-json\/wp\/v2\/users\/4"}],"replies":[{"embeddable":true,"href":"https:\/\/eldiariodesanpedro.com.ar\/sitio\/wp-json\/wp\/v2\/comments?post=14358"}],"version-history":[{"count":1,"href":"https:\/\/eldiariodesanpedro.com.ar\/sitio\/wp-json\/wp\/v2\/posts\/14358\/revisions"}],"predecessor-version":[{"id":14360,"href":"https:\/\/eldiariodesanpedro.com.ar\/sitio\/wp-json\/wp\/v2\/posts\/14358\/revisions\/14360"}],"wp:featuredmedia":[{"embeddable":true,"href":"https:\/\/eldiariodesanpedro.com.ar\/sitio\/wp-json\/wp\/v2\/media\/14359"}],"wp:attachment":[{"href":"https:\/\/eldiariodesanpedro.com.ar\/sitio\/wp-json\/wp\/v2\/media?parent=14358"}],"wp:term":[{"taxonomy":"category","embeddable":true,"href":"https:\/\/eldiariodesanpedro.com.ar\/sitio\/wp-json\/wp\/v2\/categories?post=14358"},{"taxonomy":"post_tag","embeddable":true,"href":"https:\/\/eldiariodesanpedro.com.ar\/sitio\/wp-json\/wp\/v2\/tags?post=14358"}],"curies":[{"name":"wp","href":"https:\/\/api.w.org\/{rel}","templated":true}]}}