{"id":143561,"date":"2025-09-12T11:08:54","date_gmt":"2025-09-12T14:08:54","guid":{"rendered":"https:\/\/eldiariodesanpedro.com.ar\/sitio\/?p=143561"},"modified":"2025-09-12T11:08:58","modified_gmt":"2025-09-12T14:08:58","slug":"convocatoria-a-elecciones-comision-y-cuerpo-de-delegados-seccional-san-pedro-de-apinta","status":"publish","type":"post","link":"https:\/\/eldiariodesanpedro.com.ar\/sitio\/convocatoria-a-elecciones-comision-y-cuerpo-de-delegados-seccional-san-pedro-de-apinta\/","title":{"rendered":"Convocatoria a elecciones comisi\u00f3n y cuerpo de delegados seccional San Pedro de APINTA"},"content":{"rendered":"<!-- VideographyWP Plugin Message: Automatic video embedding prevented by plugin options. -->\n\n<p class=\"has-text-align-center\">Asociaci\u00f3n del Personal del Instituto Nacional de Tecnolog\u00eda Agropecuaria<br>APINTA<\/p>\n\n\n\n<p class=\"has-text-align-center\">Convocatoria a elecciones comisi\u00f3n y cuerpo de delegados seccional San Pedro<\/p>\n\n\n\n<p>APINTA convoca a elecciones para renovar la comisi\u00f3n y el cuerpo de delegados de la seccional San Pedro el 27 de noviembre de 2025 en el horario de 9 a 15 hs.<\/p>\n\n\n\n<p>Para el per\u00edodo 04\/03\/2025 al 03\/03\/2029 para la comisi\u00f3n y del 04\/03\/2025 al 03\/03\/2027 para el cuerpo de delegados.<br>Secretario general<br>Secretario gremial<br>Secretario de administraci\u00f3n y finanzas<br>Secretario de acci\u00f3n social, cultura y deporte<br>1-\u00a0 vocal titular<br>Delegados titulares<br>2-\u00a0 delegados suplentes<\/p>\n","protected":false},"excerpt":{"rendered":"<p>Asociaci\u00f3n del Personal del Instituto Nacional de Tecnolog\u00eda AgropecuariaAPINTA Convocatoria a elecciones comisi\u00f3n y cuerpo de delegados seccional San Pedro APINTA convoca a elecciones para renovar la comisi\u00f3n y el cuerpo de delegados de la seccional San Pedro el 27 de noviembre de 2025 en el horario de 9 a 15 hs. Para el per\u00edodo [&hellip;]<\/p>\n","protected":false},"author":4,"featured_media":143562,"comment_status":"closed","ping_status":"closed","sticky":false,"template":"","format":"standard","meta":{"om_disable_all_campaigns":false,"_jetpack_memberships_contains_paid_content":false,"footnotes":""},"categories":[678,676],"tags":[1766,1729],"class_list":["post-143561","post","type-post","status-publish","format-standard","has-post-thumbnail","hentry","category-convocatorias","category-edictos","tag-apinta","tag-convocatoria"],"aioseo_notices":[],"gutentor_comment":0,"jetpack_featured_media_url":"https:\/\/eldiariodesanpedro.com.ar\/sitio\/wp-content\/uploads\/2025\/09\/APINTA.jpg","jetpack_shortlink":"https:\/\/wp.me\/p6RhLt-Blv","jetpack_sharing_enabled":true,"_links":{"self":[{"href":"https:\/\/eldiariodesanpedro.com.ar\/sitio\/wp-json\/wp\/v2\/posts\/143561","targetHints":{"allow":["GET"]}}],"collection":[{"href":"https:\/\/eldiariodesanpedro.com.ar\/sitio\/wp-json\/wp\/v2\/posts"}],"about":[{"href":"https:\/\/eldiariodesanpedro.com.ar\/sitio\/wp-json\/wp\/v2\/types\/post"}],"author":[{"embeddable":true,"href":"https:\/\/eldiariodesanpedro.com.ar\/sitio\/wp-json\/wp\/v2\/users\/4"}],"replies":[{"embeddable":true,"href":"https:\/\/eldiariodesanpedro.com.ar\/sitio\/wp-json\/wp\/v2\/comments?post=143561"}],"version-history":[{"count":1,"href":"https:\/\/eldiariodesanpedro.com.ar\/sitio\/wp-json\/wp\/v2\/posts\/143561\/revisions"}],"predecessor-version":[{"id":143563,"href":"https:\/\/eldiariodesanpedro.com.ar\/sitio\/wp-json\/wp\/v2\/posts\/143561\/revisions\/143563"}],"wp:featuredmedia":[{"embeddable":true,"href":"https:\/\/eldiariodesanpedro.com.ar\/sitio\/wp-json\/wp\/v2\/media\/143562"}],"wp:attachment":[{"href":"https:\/\/eldiariodesanpedro.com.ar\/sitio\/wp-json\/wp\/v2\/media?parent=143561"}],"wp:term":[{"taxonomy":"category","embeddable":true,"href":"https:\/\/eldiariodesanpedro.com.ar\/sitio\/wp-json\/wp\/v2\/categories?post=143561"},{"taxonomy":"post_tag","embeddable":true,"href":"https:\/\/eldiariodesanpedro.com.ar\/sitio\/wp-json\/wp\/v2\/tags?post=143561"}],"curies":[{"name":"wp","href":"https:\/\/api.w.org\/{rel}","templated":true}]}}