{"id":143557,"date":"2025-09-12T09:33:25","date_gmt":"2025-09-12T12:33:25","guid":{"rendered":"https:\/\/eldiariodesanpedro.com.ar\/sitio\/?p=143557"},"modified":"2026-01-24T00:47:24","modified_gmt":"2026-01-24T03:47:24","slug":"fallecio-pablo-felipe-blas-a-los-77-anos","status":"publish","type":"post","link":"https:\/\/eldiariodesanpedro.com.ar\/sitio\/fallecio-pablo-felipe-blas-a-los-77-anos\/","title":{"rendered":"Falleci\u00f3 Pablo Felipe Blas a los 77 a\u00f1os"},"content":{"rendered":"<!-- VideographyWP Plugin Message: Automatic video embedding prevented by plugin options. -->\n\n<p>Pablo Felipe Blas falleci\u00f3 a los 77 a\u00f1os. El velatorio se realiza en la Sala N\u00b02 de COOPSER Servicios Sociales, hasta las 13:00 horas de este viernes.<\/p>\n\n\n\n<p>La comunidad despide con pesar a <strong>Pablo Felipe Blas<\/strong>, quien <strong>falleci\u00f3 a los 77 a\u00f1os<\/strong>. Sus restos son velados en la <strong>Sala N\u00b02 de San Pedro<\/strong>, ubicada en <strong>3 de Febrero 1475<\/strong>, bajo el servicio de <strong>COOPSER Servicios Sociales<\/strong>.<\/p>\n\n\n\n<p>El velatorio se extender\u00e1 <strong>hasta las 13:00 horas del viernes 12 de septiembre de 2025<\/strong>, momento en el que familiares, amigos y allegados podr\u00e1n brindarle su \u00faltimo adi\u00f3s.<\/p>\n\n\n\n<p>Se acompa\u00f1an a los seres queridos de Pablo Felipe Blas en este dif\u00edcil momento de dolor y despedida.<\/p>\n\n\n\n<p>#Obituario #Fallecimiento #SanPedro #COOPSER #Despedida<\/p>\n","protected":false},"excerpt":{"rendered":"<p>Pablo Felipe Blas falleci\u00f3 a los 77 a\u00f1os. El velatorio se realiza en la Sala N\u00b02 de COOPSER Servicios Sociales, hasta las 13:00 horas de este viernes. La comunidad despide con pesar a Pablo Felipe Blas, quien falleci\u00f3 a los 77 a\u00f1os. Sus restos son velados en la Sala N\u00b02 de San Pedro, ubicada en [&hellip;]<\/p>\n","protected":false},"author":4,"featured_media":113757,"comment_status":"closed","ping_status":"closed","sticky":false,"template":"","format":"standard","meta":{"om_disable_all_campaigns":false,"_jetpack_memberships_contains_paid_content":false,"footnotes":""},"categories":[8424],"tags":[5113,6084,6083,5978,6085],"class_list":["post-143557","post","type-post","status-publish","format-standard","has-post-thumbnail","hentry","category-necrologicas","tag-coopser-servicios-sociales","tag-fallecio-77-anos","tag-obituario-pablo-felipe-blas","tag-sepelio-san-pedro","tag-velatorio-sala-2-san-pedro"],"aioseo_notices":[],"gutentor_comment":0,"jetpack_featured_media_url":"https:\/\/eldiariodesanpedro.com.ar\/sitio\/wp-content\/uploads\/2023\/01\/necrologicas.jpg","jetpack_shortlink":"https:\/\/wp.me\/p6RhLt-Blr","jetpack_sharing_enabled":true,"_links":{"self":[{"href":"https:\/\/eldiariodesanpedro.com.ar\/sitio\/wp-json\/wp\/v2\/posts\/143557","targetHints":{"allow":["GET"]}}],"collection":[{"href":"https:\/\/eldiariodesanpedro.com.ar\/sitio\/wp-json\/wp\/v2\/posts"}],"about":[{"href":"https:\/\/eldiariodesanpedro.com.ar\/sitio\/wp-json\/wp\/v2\/types\/post"}],"author":[{"embeddable":true,"href":"https:\/\/eldiariodesanpedro.com.ar\/sitio\/wp-json\/wp\/v2\/users\/4"}],"replies":[{"embeddable":true,"href":"https:\/\/eldiariodesanpedro.com.ar\/sitio\/wp-json\/wp\/v2\/comments?post=143557"}],"version-history":[{"count":1,"href":"https:\/\/eldiariodesanpedro.com.ar\/sitio\/wp-json\/wp\/v2\/posts\/143557\/revisions"}],"predecessor-version":[{"id":143558,"href":"https:\/\/eldiariodesanpedro.com.ar\/sitio\/wp-json\/wp\/v2\/posts\/143557\/revisions\/143558"}],"wp:featuredmedia":[{"embeddable":true,"href":"https:\/\/eldiariodesanpedro.com.ar\/sitio\/wp-json\/wp\/v2\/media\/113757"}],"wp:attachment":[{"href":"https:\/\/eldiariodesanpedro.com.ar\/sitio\/wp-json\/wp\/v2\/media?parent=143557"}],"wp:term":[{"taxonomy":"category","embeddable":true,"href":"https:\/\/eldiariodesanpedro.com.ar\/sitio\/wp-json\/wp\/v2\/categories?post=143557"},{"taxonomy":"post_tag","embeddable":true,"href":"https:\/\/eldiariodesanpedro.com.ar\/sitio\/wp-json\/wp\/v2\/tags?post=143557"}],"curies":[{"name":"wp","href":"https:\/\/api.w.org\/{rel}","templated":true}]}}