{"id":143555,"date":"2025-09-12T09:12:58","date_gmt":"2025-09-12T12:12:58","guid":{"rendered":"https:\/\/eldiariodesanpedro.com.ar\/sitio\/?p=143555"},"modified":"2026-01-24T00:47:24","modified_gmt":"2026-01-24T03:47:24","slug":"fallecio-marcial-acevedo-a-los-73-anos","status":"publish","type":"post","link":"https:\/\/eldiariodesanpedro.com.ar\/sitio\/fallecio-marcial-acevedo-a-los-73-anos\/","title":{"rendered":"Falleci\u00f3 Marcial Acevedo a los 73 a\u00f1os"},"content":{"rendered":"<!-- VideographyWP Plugin Message: Automatic video embedding prevented by plugin options. -->\n\n<p><em>Se inform\u00f3 el fallecimiento de Marcial Acevedo, quien es velado en San Pedro. Sus restos recibir\u00e1n sepultura el 12 de septiembre de 2025.<\/em><\/p>\n\n\n\n<p>La comunidad despide a <strong>Marcial Acevedo<\/strong>, quien falleci\u00f3 a los <strong>73 a\u00f1os<\/strong>. El velatorio se realiza en la <strong>Sala N\u00b03 de COOPSER Servicios Sociales<\/strong>, ubicada en <strong>3 de Febrero 1475, San Pedro<\/strong>.<\/p>\n\n\n\n<p>El servicio se extender\u00e1 hasta las <strong>11:30 horas del viernes 12 de septiembre de 2025<\/strong>, momento en el que se dar\u00e1 el \u00faltimo adi\u00f3s.<\/p>\n\n\n\n<p>#Obituario #Fallecimiento #SanPedro #MarcialAcevedo #ServiciosSociales<\/p>\n","protected":false},"excerpt":{"rendered":"<p>Se inform\u00f3 el fallecimiento de Marcial Acevedo, quien es velado en San Pedro. Sus restos recibir\u00e1n sepultura el 12 de septiembre de 2025. La comunidad despide a Marcial Acevedo, quien falleci\u00f3 a los 73 a\u00f1os. El velatorio se realiza en la Sala N\u00b03 de COOPSER Servicios Sociales, ubicada en 3 de Febrero 1475, San Pedro. [&hellip;]<\/p>\n","protected":false},"author":4,"featured_media":113757,"comment_status":"closed","ping_status":"closed","sticky":false,"template":"","format":"standard","meta":{"om_disable_all_campaigns":false,"_jetpack_memberships_contains_paid_content":false,"footnotes":""},"categories":[8424],"tags":[5113,6082,5112,5629,5978],"class_list":["post-143555","post","type-post","status-publish","format-standard","has-post-thumbnail","hentry","category-necrologicas","tag-coopser-servicios-sociales","tag-fallecio-marcial-acevedo","tag-obituario-san-pedro","tag-sala-velatoria-san-pedro","tag-sepelio-san-pedro"],"aioseo_notices":[],"gutentor_comment":0,"jetpack_featured_media_url":"https:\/\/eldiariodesanpedro.com.ar\/sitio\/wp-content\/uploads\/2023\/01\/necrologicas.jpg","jetpack_shortlink":"https:\/\/wp.me\/p6RhLt-Blp","jetpack_sharing_enabled":true,"_links":{"self":[{"href":"https:\/\/eldiariodesanpedro.com.ar\/sitio\/wp-json\/wp\/v2\/posts\/143555","targetHints":{"allow":["GET"]}}],"collection":[{"href":"https:\/\/eldiariodesanpedro.com.ar\/sitio\/wp-json\/wp\/v2\/posts"}],"about":[{"href":"https:\/\/eldiariodesanpedro.com.ar\/sitio\/wp-json\/wp\/v2\/types\/post"}],"author":[{"embeddable":true,"href":"https:\/\/eldiariodesanpedro.com.ar\/sitio\/wp-json\/wp\/v2\/users\/4"}],"replies":[{"embeddable":true,"href":"https:\/\/eldiariodesanpedro.com.ar\/sitio\/wp-json\/wp\/v2\/comments?post=143555"}],"version-history":[{"count":1,"href":"https:\/\/eldiariodesanpedro.com.ar\/sitio\/wp-json\/wp\/v2\/posts\/143555\/revisions"}],"predecessor-version":[{"id":143556,"href":"https:\/\/eldiariodesanpedro.com.ar\/sitio\/wp-json\/wp\/v2\/posts\/143555\/revisions\/143556"}],"wp:featuredmedia":[{"embeddable":true,"href":"https:\/\/eldiariodesanpedro.com.ar\/sitio\/wp-json\/wp\/v2\/media\/113757"}],"wp:attachment":[{"href":"https:\/\/eldiariodesanpedro.com.ar\/sitio\/wp-json\/wp\/v2\/media?parent=143555"}],"wp:term":[{"taxonomy":"category","embeddable":true,"href":"https:\/\/eldiariodesanpedro.com.ar\/sitio\/wp-json\/wp\/v2\/categories?post=143555"},{"taxonomy":"post_tag","embeddable":true,"href":"https:\/\/eldiariodesanpedro.com.ar\/sitio\/wp-json\/wp\/v2\/tags?post=143555"}],"curies":[{"name":"wp","href":"https:\/\/api.w.org\/{rel}","templated":true}]}}