{"id":14355,"date":"2017-02-08T20:59:50","date_gmt":"2017-02-08T23:59:50","guid":{"rendered":"https:\/\/eldiariodesanpedro.com.ar\/sitio\/?p=14355"},"modified":"2017-02-08T20:59:50","modified_gmt":"2017-02-08T23:59:50","slug":"presentacion-del-programa-agroemprende","status":"publish","type":"post","link":"https:\/\/eldiariodesanpedro.com.ar\/sitio\/presentacion-del-programa-agroemprende\/","title":{"rendered":"Presentaci\u00f3n del programa Agroemprende"},"content":{"rendered":"<p><!-- VideographyWP Plugin Message: Automatic video embedding prevented by plugin options. --><br \/>\nLa conferencia de prensa que tendr\u00e1 lugar ma\u00f1ana a las 16.00 en la Direcci\u00f3n de Turismo donde funcionarios locales y provinciales presentar\u00e1n el programa Agroemprende Buenos Aires.<\/p>\n<p>El mismo est\u00e1 destinado a j\u00f3venes de 18 a 40 a\u00f1os que residan en la Provincia de Buenos Aires y que quieran iniciar un emprendimiento vinculado a la ruralidad o, en su defecto, mejorar uno ya existente con una antig\u00fcedad no mayor a 3 a\u00f1os.<\/p>\n<p>Agroemprende 2017 busca potenciar el arraigo de forma innovadora, promover el desarrollo de econom\u00edas regionales como as\u00ed tambi\u00e9n fomentar y acompa\u00f1ar las competencias emprendedoras de los j\u00f3venes rurales y favorecer la capacitaci\u00f3n local.<\/p>\n","protected":false},"excerpt":{"rendered":"<p>La conferencia de prensa que tendr\u00e1 lugar ma\u00f1ana a las 16.00 en la Direcci\u00f3n de Turismo donde funcionarios locales y provinciales presentar\u00e1n el programa Agroemprende Buenos Aires. El mismo est\u00e1 destinado a j\u00f3venes de 18 a 40 a\u00f1os que residan en la Provincia de Buenos Aires y que quieran iniciar un emprendimiento vinculado a la [&hellip;]<\/p>\n","protected":false},"author":4,"featured_media":14356,"comment_status":"open","ping_status":"closed","sticky":false,"template":"","format":"standard","meta":{"om_disable_all_campaigns":false,"_jetpack_memberships_contains_paid_content":false,"footnotes":""},"categories":[101,2],"tags":[],"class_list":["post-14355","post","type-post","status-publish","format-standard","has-post-thumbnail","hentry","category-interes-general-locales","category-locales"],"aioseo_notices":[],"gutentor_comment":0,"jetpack_featured_media_url":"https:\/\/eldiariodesanpedro.com.ar\/sitio\/wp-content\/uploads\/2017\/02\/agroemprende.jpg","jetpack_shortlink":"https:\/\/wp.me\/p6RhLt-3Jx","jetpack_sharing_enabled":true,"_links":{"self":[{"href":"https:\/\/eldiariodesanpedro.com.ar\/sitio\/wp-json\/wp\/v2\/posts\/14355","targetHints":{"allow":["GET"]}}],"collection":[{"href":"https:\/\/eldiariodesanpedro.com.ar\/sitio\/wp-json\/wp\/v2\/posts"}],"about":[{"href":"https:\/\/eldiariodesanpedro.com.ar\/sitio\/wp-json\/wp\/v2\/types\/post"}],"author":[{"embeddable":true,"href":"https:\/\/eldiariodesanpedro.com.ar\/sitio\/wp-json\/wp\/v2\/users\/4"}],"replies":[{"embeddable":true,"href":"https:\/\/eldiariodesanpedro.com.ar\/sitio\/wp-json\/wp\/v2\/comments?post=14355"}],"version-history":[{"count":1,"href":"https:\/\/eldiariodesanpedro.com.ar\/sitio\/wp-json\/wp\/v2\/posts\/14355\/revisions"}],"predecessor-version":[{"id":14357,"href":"https:\/\/eldiariodesanpedro.com.ar\/sitio\/wp-json\/wp\/v2\/posts\/14355\/revisions\/14357"}],"wp:featuredmedia":[{"embeddable":true,"href":"https:\/\/eldiariodesanpedro.com.ar\/sitio\/wp-json\/wp\/v2\/media\/14356"}],"wp:attachment":[{"href":"https:\/\/eldiariodesanpedro.com.ar\/sitio\/wp-json\/wp\/v2\/media?parent=14355"}],"wp:term":[{"taxonomy":"category","embeddable":true,"href":"https:\/\/eldiariodesanpedro.com.ar\/sitio\/wp-json\/wp\/v2\/categories?post=14355"},{"taxonomy":"post_tag","embeddable":true,"href":"https:\/\/eldiariodesanpedro.com.ar\/sitio\/wp-json\/wp\/v2\/tags?post=14355"}],"curies":[{"name":"wp","href":"https:\/\/api.w.org\/{rel}","templated":true}]}}