{"id":143549,"date":"2025-09-11T14:14:51","date_gmt":"2025-09-11T17:14:51","guid":{"rendered":"https:\/\/eldiariodesanpedro.com.ar\/sitio\/?p=143549"},"modified":"2025-09-11T14:14:55","modified_gmt":"2025-09-11T17:14:55","slug":"campana-de-puntos-verdes-recordatorio-para-una-correcta-separacion-de-residuos","status":"publish","type":"post","link":"https:\/\/eldiariodesanpedro.com.ar\/sitio\/campana-de-puntos-verdes-recordatorio-para-una-correcta-separacion-de-residuos\/","title":{"rendered":"Campa\u00f1a de Puntos Verdes: recordatorio para una correcta separaci\u00f3n de residuos"},"content":{"rendered":"<!-- VideographyWP Plugin Message: Automatic video embedding prevented by plugin options. -->\n\n<p><strong>La Municipalidad recuerda que los Puntos Verdes son exclusivos para materiales reciclables y no deben usarse para escombros, ramas ni desechos org\u00e1nicos.<\/strong><\/p>\n\n\n\n<p>La <strong>Municipalidad de San Pedro<\/strong>, a trav\u00e9s de la <strong>Direcci\u00f3n de Medio Ambiente<\/strong>, record\u00f3 que sigue vigente la <strong>campa\u00f1a de Puntos Verdes<\/strong>, implementada junto a los recuperadores urbanos. Desde el \u00e1rea insisten en que contin\u00faan detectando residuos que no corresponden, como <strong>animales muertos, escombros, ramas, neum\u00e1ticos y desechos org\u00e1nicos<\/strong>, lo cual dificulta las tareas de reciclado.<\/p>\n\n\n\n<p>Estos espacios est\u00e1n <strong>destinados exclusivamente a materiales reciclables<\/strong>, y se solicita la <strong>colaboraci\u00f3n de la comunidad<\/strong> para utilizarlos de manera responsable.<\/p>\n\n\n\n<h3 class=\"wp-block-heading\">Ubicaci\u00f3n de los Puntos Verdes<\/h3>\n\n\n\n<ul class=\"wp-block-list\">\n<li>Paseo P\u00fablico 1 (eco punto fijo)<\/li>\n\n\n\n<li>Paseo P\u00fablico 2 (eco punto fijo)<\/li>\n\n\n\n<li>Plaza Constituci\u00f3n (Pellegrini e Yrigoyen)<\/li>\n\n\n\n<li>11 de septiembre y G\u00fcemes<\/li>\n\n\n\n<li>Ex Terminal (O. C\u00e9sar y Gomendio)<\/li>\n\n\n\n<li>Ingreso a la ciudad (Ruta 191 y Zanucolli)<\/li>\n\n\n\n<li>Ingreso a la ciudad (Ruta 191 y Pres. Roque S\u00e1enz Pe\u00f1a)<\/li>\n\n\n\n<li>C.I.C. (Hno. Indio y Casella)<\/li>\n\n\n\n<li>Av. Sarmiento frente al Club La Esperanza<\/li>\n<\/ul>\n\n\n\n<h3 class=\"wp-block-heading\">Residuos reciclables permitidos<\/h3>\n\n\n\n<p>Pl\u00e1sticos (envases y botellas), bolsas de nylon o papel, cartones y papeles limpios, latas de metal y aluminio, envases multilaminados (tetrabrick) y vidrio. Es fundamental que los materiales est\u00e9n <strong>limpios y secos<\/strong>.<\/p>\n\n\n\n<h3 class=\"wp-block-heading\">Residuos no reciclables<\/h3>\n\n\n\n<p>Papeles y cartones sucios, servilletas, pa\u00f1uelos descartables, vasos de telgopor sucios, restos de comida, envoltorios de golosinas, yerba, escombros, ramas y neum\u00e1ticos.<\/p>\n\n\n\n<p>La Municipalidad reiter\u00f3 el pedido a los vecinos para <strong>mantener los Puntos Verdes en condiciones<\/strong> y contribuir al cuidado del medio ambiente.<\/p>\n\n\n\n<p>#PuntosVerdes #MedioAmbiente #Reciclaje #SanPedro #CuidadoAmbiental<\/p>\n\n\n\n<div class=\"wp-block-jetpack-slideshow aligncenter\" data-effect=\"slide\" style=\"--aspect-ratio:calc(640 \/ 360)\"><div class=\"wp-block-jetpack-slideshow_container swiper-container\"><ul class=\"wp-block-jetpack-slideshow_swiper-wrapper swiper-wrapper\"><li class=\"wp-block-jetpack-slideshow_slide swiper-slide\"><figure><img decoding=\"async\" width=\"1024\" height=\"576\" alt=\"\" class=\"wp-block-jetpack-slideshow_image wp-image-143553 lazyload\" data-id=\"143553\" data-aspect-ratio=\"640 \/ 360\" data-src=\"https:\/\/eldiariodesanpedro.com.ar\/sitio\/wp-content\/uploads\/2025\/09\/Imagen-de-WhatsApp-2025-09-11-a-las-11.50.43_cdb70e61-1024x576.jpg\" data-srcset=\"https:\/\/eldiariodesanpedro.com.ar\/sitio\/wp-content\/uploads\/2025\/09\/Imagen-de-WhatsApp-2025-09-11-a-las-11.50.43_cdb70e61-1024x576.jpg 1024w, https:\/\/eldiariodesanpedro.com.ar\/sitio\/wp-content\/uploads\/2025\/09\/Imagen-de-WhatsApp-2025-09-11-a-las-11.50.43_cdb70e61-300x169.jpg 300w, https:\/\/eldiariodesanpedro.com.ar\/sitio\/wp-content\/uploads\/2025\/09\/Imagen-de-WhatsApp-2025-09-11-a-las-11.50.43_cdb70e61-768x432.jpg 768w, https:\/\/eldiariodesanpedro.com.ar\/sitio\/wp-content\/uploads\/2025\/09\/Imagen-de-WhatsApp-2025-09-11-a-las-11.50.43_cdb70e61.jpg 1120w\" data-sizes=\"(max-width: 1024px) 100vw, 1024px\" src=\"data:image\/svg+xml;base64,PHN2ZyB3aWR0aD0iMSIgaGVpZ2h0PSIxIiB4bWxucz0iaHR0cDovL3d3dy53My5vcmcvMjAwMC9zdmciPjwvc3ZnPg==\" style=\"--smush-placeholder-width: 1024px; --smush-placeholder-aspect-ratio: 1024\/576;\" \/><\/figure><\/li><li class=\"wp-block-jetpack-slideshow_slide swiper-slide\"><figure><img decoding=\"async\" width=\"1024\" height=\"576\" alt=\"\" class=\"wp-block-jetpack-slideshow_image wp-image-143552 lazyload\" data-id=\"143552\" data-aspect-ratio=\"640 \/ 360\" data-src=\"https:\/\/eldiariodesanpedro.com.ar\/sitio\/wp-content\/uploads\/2025\/09\/Imagen-de-WhatsApp-2025-09-11-a-las-11.50.43_be64e0a1-1024x576.jpg\" data-srcset=\"https:\/\/eldiariodesanpedro.com.ar\/sitio\/wp-content\/uploads\/2025\/09\/Imagen-de-WhatsApp-2025-09-11-a-las-11.50.43_be64e0a1-1024x576.jpg 1024w, https:\/\/eldiariodesanpedro.com.ar\/sitio\/wp-content\/uploads\/2025\/09\/Imagen-de-WhatsApp-2025-09-11-a-las-11.50.43_be64e0a1-300x169.jpg 300w, https:\/\/eldiariodesanpedro.com.ar\/sitio\/wp-content\/uploads\/2025\/09\/Imagen-de-WhatsApp-2025-09-11-a-las-11.50.43_be64e0a1-768x432.jpg 768w, https:\/\/eldiariodesanpedro.com.ar\/sitio\/wp-content\/uploads\/2025\/09\/Imagen-de-WhatsApp-2025-09-11-a-las-11.50.43_be64e0a1.jpg 1120w\" data-sizes=\"(max-width: 1024px) 100vw, 1024px\" src=\"data:image\/svg+xml;base64,PHN2ZyB3aWR0aD0iMSIgaGVpZ2h0PSIxIiB4bWxucz0iaHR0cDovL3d3dy53My5vcmcvMjAwMC9zdmciPjwvc3ZnPg==\" style=\"--smush-placeholder-width: 1024px; --smush-placeholder-aspect-ratio: 1024\/576;\" \/><\/figure><\/li><li class=\"wp-block-jetpack-slideshow_slide swiper-slide\"><figure><img decoding=\"async\" width=\"1024\" height=\"576\" alt=\"\" class=\"wp-block-jetpack-slideshow_image wp-image-143551 lazyload\" data-id=\"143551\" data-aspect-ratio=\"640 \/ 360\" data-src=\"https:\/\/eldiariodesanpedro.com.ar\/sitio\/wp-content\/uploads\/2025\/09\/Imagen-de-WhatsApp-2025-09-11-a-las-11.50.43_5d01cc1d-1024x576.jpg\" data-srcset=\"https:\/\/eldiariodesanpedro.com.ar\/sitio\/wp-content\/uploads\/2025\/09\/Imagen-de-WhatsApp-2025-09-11-a-las-11.50.43_5d01cc1d-1024x576.jpg 1024w, https:\/\/eldiariodesanpedro.com.ar\/sitio\/wp-content\/uploads\/2025\/09\/Imagen-de-WhatsApp-2025-09-11-a-las-11.50.43_5d01cc1d-300x169.jpg 300w, https:\/\/eldiariodesanpedro.com.ar\/sitio\/wp-content\/uploads\/2025\/09\/Imagen-de-WhatsApp-2025-09-11-a-las-11.50.43_5d01cc1d-768x432.jpg 768w, https:\/\/eldiariodesanpedro.com.ar\/sitio\/wp-content\/uploads\/2025\/09\/Imagen-de-WhatsApp-2025-09-11-a-las-11.50.43_5d01cc1d.jpg 1120w\" data-sizes=\"(max-width: 1024px) 100vw, 1024px\" src=\"data:image\/svg+xml;base64,PHN2ZyB3aWR0aD0iMSIgaGVpZ2h0PSIxIiB4bWxucz0iaHR0cDovL3d3dy53My5vcmcvMjAwMC9zdmciPjwvc3ZnPg==\" style=\"--smush-placeholder-width: 1024px; --smush-placeholder-aspect-ratio: 1024\/576;\" \/><\/figure><\/li><li class=\"wp-block-jetpack-slideshow_slide swiper-slide\"><figure><img decoding=\"async\" width=\"1024\" height=\"576\" alt=\"\" class=\"wp-block-jetpack-slideshow_image wp-image-143550 lazyload\" data-id=\"143550\" data-aspect-ratio=\"640 \/ 360\" data-src=\"https:\/\/eldiariodesanpedro.com.ar\/sitio\/wp-content\/uploads\/2025\/09\/Imagen-de-WhatsApp-2025-09-11-a-las-11.50.42_ecf74e4a-1024x576.jpg\" data-srcset=\"https:\/\/eldiariodesanpedro.com.ar\/sitio\/wp-content\/uploads\/2025\/09\/Imagen-de-WhatsApp-2025-09-11-a-las-11.50.42_ecf74e4a-1024x576.jpg 1024w, https:\/\/eldiariodesanpedro.com.ar\/sitio\/wp-content\/uploads\/2025\/09\/Imagen-de-WhatsApp-2025-09-11-a-las-11.50.42_ecf74e4a-300x169.jpg 300w, https:\/\/eldiariodesanpedro.com.ar\/sitio\/wp-content\/uploads\/2025\/09\/Imagen-de-WhatsApp-2025-09-11-a-las-11.50.42_ecf74e4a-768x432.jpg 768w, https:\/\/eldiariodesanpedro.com.ar\/sitio\/wp-content\/uploads\/2025\/09\/Imagen-de-WhatsApp-2025-09-11-a-las-11.50.42_ecf74e4a.jpg 1120w\" data-sizes=\"(max-width: 1024px) 100vw, 1024px\" src=\"data:image\/svg+xml;base64,PHN2ZyB3aWR0aD0iMSIgaGVpZ2h0PSIxIiB4bWxucz0iaHR0cDovL3d3dy53My5vcmcvMjAwMC9zdmciPjwvc3ZnPg==\" style=\"--smush-placeholder-width: 1024px; --smush-placeholder-aspect-ratio: 1024\/576;\" \/><\/figure><\/li><\/ul><a class=\"wp-block-jetpack-slideshow_button-prev swiper-button-prev swiper-button-white\" role=\"button\"><\/a><a class=\"wp-block-jetpack-slideshow_button-next swiper-button-next swiper-button-white\" role=\"button\"><\/a><a aria-label=\"Pause Slideshow\" class=\"wp-block-jetpack-slideshow_button-pause\" role=\"button\"><\/a><div class=\"wp-block-jetpack-slideshow_pagination swiper-pagination swiper-pagination-white\"><\/div><\/div><\/div>\n","protected":false},"excerpt":{"rendered":"<p>La Municipalidad recuerda que los Puntos Verdes son exclusivos para materiales reciclables y no deben usarse para escombros, ramas ni desechos org\u00e1nicos. La Municipalidad de San Pedro, a trav\u00e9s de la Direcci\u00f3n de Medio Ambiente, record\u00f3 que sigue vigente la campa\u00f1a de Puntos Verdes, implementada junto a los recuperadores urbanos. Desde el \u00e1rea insisten en [&hellip;]<\/p>\n","protected":false},"author":4,"featured_media":143551,"comment_status":"closed","ping_status":"closed","sticky":false,"template":"","format":"standard","meta":{"om_disable_all_campaigns":false,"_jetpack_memberships_contains_paid_content":false,"footnotes":""},"categories":[101,2],"tags":[6079,6081,6078,6080,5851],"class_list":["post-143549","post","type-post","status-publish","format-standard","has-post-thumbnail","hentry","category-interes-general-locales","category-locales","tag-campana-de-reciclaje","tag-direccion-de-medio-ambiente","tag-puntos-verdes-san-pedro","tag-reciclaje-en-san-pedro","tag-separacion-de-residuos"],"aioseo_notices":[],"gutentor_comment":0,"jetpack_featured_media_url":"https:\/\/eldiariodesanpedro.com.ar\/sitio\/wp-content\/uploads\/2025\/09\/Imagen-de-WhatsApp-2025-09-11-a-las-11.50.43_5d01cc1d.jpg","jetpack_shortlink":"https:\/\/wp.me\/p6RhLt-Blj","jetpack_sharing_enabled":true,"_links":{"self":[{"href":"https:\/\/eldiariodesanpedro.com.ar\/sitio\/wp-json\/wp\/v2\/posts\/143549","targetHints":{"allow":["GET"]}}],"collection":[{"href":"https:\/\/eldiariodesanpedro.com.ar\/sitio\/wp-json\/wp\/v2\/posts"}],"about":[{"href":"https:\/\/eldiariodesanpedro.com.ar\/sitio\/wp-json\/wp\/v2\/types\/post"}],"author":[{"embeddable":true,"href":"https:\/\/eldiariodesanpedro.com.ar\/sitio\/wp-json\/wp\/v2\/users\/4"}],"replies":[{"embeddable":true,"href":"https:\/\/eldiariodesanpedro.com.ar\/sitio\/wp-json\/wp\/v2\/comments?post=143549"}],"version-history":[{"count":1,"href":"https:\/\/eldiariodesanpedro.com.ar\/sitio\/wp-json\/wp\/v2\/posts\/143549\/revisions"}],"predecessor-version":[{"id":143554,"href":"https:\/\/eldiariodesanpedro.com.ar\/sitio\/wp-json\/wp\/v2\/posts\/143549\/revisions\/143554"}],"wp:featuredmedia":[{"embeddable":true,"href":"https:\/\/eldiariodesanpedro.com.ar\/sitio\/wp-json\/wp\/v2\/media\/143551"}],"wp:attachment":[{"href":"https:\/\/eldiariodesanpedro.com.ar\/sitio\/wp-json\/wp\/v2\/media?parent=143549"}],"wp:term":[{"taxonomy":"category","embeddable":true,"href":"https:\/\/eldiariodesanpedro.com.ar\/sitio\/wp-json\/wp\/v2\/categories?post=143549"},{"taxonomy":"post_tag","embeddable":true,"href":"https:\/\/eldiariodesanpedro.com.ar\/sitio\/wp-json\/wp\/v2\/tags?post=143549"}],"curies":[{"name":"wp","href":"https:\/\/api.w.org\/{rel}","templated":true}]}}