{"id":143521,"date":"2025-09-11T10:57:03","date_gmt":"2025-09-11T13:57:03","guid":{"rendered":"https:\/\/eldiariodesanpedro.com.ar\/sitio\/?p=143521"},"modified":"2025-09-11T10:57:07","modified_gmt":"2025-09-11T13:57:07","slug":"masculino-aprehendido-por-portacion-ilegal-de-arma-de-guerra","status":"publish","type":"post","link":"https:\/\/eldiariodesanpedro.com.ar\/sitio\/masculino-aprehendido-por-portacion-ilegal-de-arma-de-guerra\/","title":{"rendered":"Masculino aprehendido por portaci\u00f3n ilegal de arma de guerra"},"content":{"rendered":"<!-- VideographyWP Plugin Message: Automatic video embedding prevented by plugin options. -->\n\n<p><strong>Un joven de 20 a\u00f1os fue detenido en la v\u00eda p\u00fablica mientras portaba un rev\u00f3lver calibre 38 Special cargado. El arma fue secuestrada por la polic\u00eda.<\/strong><\/p>\n\n\n\n<p>En la jornada de ayer, <strong>personal de la Unidad T\u00e1ctica de Operaciones Inmediatas (UTOI) de San Nicol\u00e1s<\/strong> procedi\u00f3 a la <strong>aprehensi\u00f3n de un masculino de 20 a\u00f1os<\/strong> en la intersecci\u00f3n de <strong>calle General Pueyrred\u00f3n y Javier Rivero<\/strong>.<\/p>\n\n\n\n<p>Durante la requisa, los efectivos constataron que el joven llevaba <strong>oculta entre sus prendas un arma de fuego tipo rev\u00f3lver marca Smith &amp; Wesson calibre 38 Special, cargada<\/strong>.<\/p>\n\n\n\n<p>Por disposici\u00f3n de la <strong>fiscal\u00eda en turno<\/strong>, se orden\u00f3 el <strong>secuestro del armamento<\/strong> y el <strong>alojamiento del aprehendido en sede policial<\/strong>, quedando a la espera de que la justicia determine su situaci\u00f3n procesal.<\/p>\n\n\n\n<p>#SanNicol\u00e1s #Seguridad #Policiales #ArmaDeGuerra #Detenido #Portaci\u00f3nIlegal<\/p>\n","protected":false},"excerpt":{"rendered":"<p>Un joven de 20 a\u00f1os fue detenido en la v\u00eda p\u00fablica mientras portaba un rev\u00f3lver calibre 38 Special cargado. El arma fue secuestrada por la polic\u00eda. En la jornada de ayer, personal de la Unidad T\u00e1ctica de Operaciones Inmediatas (UTOI) de San Nicol\u00e1s procedi\u00f3 a la aprehensi\u00f3n de un masculino de 20 a\u00f1os en la [&hellip;]<\/p>\n","protected":false},"author":4,"featured_media":143522,"comment_status":"closed","ping_status":"closed","sticky":false,"template":"","format":"standard","meta":{"om_disable_all_campaigns":false,"_jetpack_memberships_contains_paid_content":false,"footnotes":""},"categories":[2,103],"tags":[6053,6056,5839,1813,3816,6054,6055],"class_list":["post-143521","post","type-post","status-publish","format-standard","has-post-thumbnail","hentry","category-locales","category-policiales-locales","tag-aprehendido-con-revolver","tag-detenido-por-arma-de-fuego","tag-portacion-ilegal-de-arma","tag-san-nicolas-2","tag-seguridad-publica","tag-smith-wesson-calibre-38","tag-unidad-tactica-de-operaciones-inmediatas"],"aioseo_notices":[],"gutentor_comment":0,"jetpack_featured_media_url":"https:\/\/eldiariodesanpedro.com.ar\/sitio\/wp-content\/uploads\/2025\/09\/medida.png","jetpack_shortlink":"https:\/\/wp.me\/p6RhLt-BkR","jetpack_sharing_enabled":true,"_links":{"self":[{"href":"https:\/\/eldiariodesanpedro.com.ar\/sitio\/wp-json\/wp\/v2\/posts\/143521","targetHints":{"allow":["GET"]}}],"collection":[{"href":"https:\/\/eldiariodesanpedro.com.ar\/sitio\/wp-json\/wp\/v2\/posts"}],"about":[{"href":"https:\/\/eldiariodesanpedro.com.ar\/sitio\/wp-json\/wp\/v2\/types\/post"}],"author":[{"embeddable":true,"href":"https:\/\/eldiariodesanpedro.com.ar\/sitio\/wp-json\/wp\/v2\/users\/4"}],"replies":[{"embeddable":true,"href":"https:\/\/eldiariodesanpedro.com.ar\/sitio\/wp-json\/wp\/v2\/comments?post=143521"}],"version-history":[{"count":1,"href":"https:\/\/eldiariodesanpedro.com.ar\/sitio\/wp-json\/wp\/v2\/posts\/143521\/revisions"}],"predecessor-version":[{"id":143523,"href":"https:\/\/eldiariodesanpedro.com.ar\/sitio\/wp-json\/wp\/v2\/posts\/143521\/revisions\/143523"}],"wp:featuredmedia":[{"embeddable":true,"href":"https:\/\/eldiariodesanpedro.com.ar\/sitio\/wp-json\/wp\/v2\/media\/143522"}],"wp:attachment":[{"href":"https:\/\/eldiariodesanpedro.com.ar\/sitio\/wp-json\/wp\/v2\/media?parent=143521"}],"wp:term":[{"taxonomy":"category","embeddable":true,"href":"https:\/\/eldiariodesanpedro.com.ar\/sitio\/wp-json\/wp\/v2\/categories?post=143521"},{"taxonomy":"post_tag","embeddable":true,"href":"https:\/\/eldiariodesanpedro.com.ar\/sitio\/wp-json\/wp\/v2\/tags?post=143521"}],"curies":[{"name":"wp","href":"https:\/\/api.w.org\/{rel}","templated":true}]}}