{"id":143462,"date":"2025-09-10T10:09:36","date_gmt":"2025-09-10T13:09:36","guid":{"rendered":"https:\/\/eldiariodesanpedro.com.ar\/sitio\/?p=143462"},"modified":"2025-09-10T10:09:40","modified_gmt":"2025-09-10T13:09:40","slug":"edicto-de-sucesion-de-francisco-manuel-carballo-y-amelia-gladys-garcia","status":"publish","type":"post","link":"https:\/\/eldiariodesanpedro.com.ar\/sitio\/edicto-de-sucesion-de-francisco-manuel-carballo-y-amelia-gladys-garcia\/","title":{"rendered":"Edicto de Sucesi\u00f3n de Francisco Manuel Carballo y Amelia Gladys Garc\u00eda"},"content":{"rendered":"<!-- VideographyWP Plugin Message: Automatic video embedding prevented by plugin options. -->\n\n<p>El Juzgado de Paz Letrado de la Ciudad de San Pedro, Secretaria \u00danica de la Ciudad de San Pedro (B), Departamento Judicial de San Nicol\u00e1s (B); cita y emplaza por treinta d\u00edas a herederos y acreedores del&nbsp; Sr. <strong>Francisco Manuel Carballo<\/strong> con D.N.I.M. N\u00b0 4.672.481 y de la Sra. <strong>Amelia Gladys Garc\u00eda<\/strong>, con D.N.I.F. N\u00b0 1.720.838. San Pedro a los 05 d\u00edas del mes de Septiembre del 2.025.-<\/p>\n\n\n\n<p>FACUNDO VELL\u00d3N<br>ABOGADO SECRETARIO<\/p>\n\n\n\n<p>(Publicaci\u00f3n v\u00e1lida para el d\u00eda 10 de septiembre de 2025)\u00a0\u00a0<br><a href=\"http:\/\/notificaciones.scba.gov.ar\/interfazbootstrap\/textonotificacion.aspx?CodNotif=V8KA9JW2\">notificaciones.scba.gov.ar\/interfazbootstrap\/textonotificacion.aspx?CodNotif=V8KA9JW2<\/a>\u00a0<\/p>\n\n\n\n<p>Todos los edictos los podes publicados los puedes ver en: <a href=\"https:\/\/eldiariodesanpedro.com.ar\/sitio\/category\/edictos\/\">https:\/\/eldiariodesanpedro.com.ar\/sitio\/category\/edictos\/<\/a><\/p>\n","protected":false},"excerpt":{"rendered":"<p>El Juzgado de Paz Letrado de la Ciudad de San Pedro, Secretaria \u00danica de la Ciudad de San Pedro (B), Departamento Judicial de San Nicol\u00e1s (B); cita y emplaza por treinta d\u00edas a herederos y acreedores del&nbsp; Sr. Francisco Manuel Carballo con D.N.I.M. N\u00b0 4.672.481 y de la Sra. Amelia Gladys Garc\u00eda, con D.N.I.F. N\u00b0 [&hellip;]<\/p>\n","protected":false},"author":4,"featured_media":102746,"comment_status":"closed","ping_status":"closed","sticky":false,"template":"","format":"standard","meta":{"om_disable_all_campaigns":false,"_jetpack_memberships_contains_paid_content":false,"footnotes":""},"categories":[676,677],"tags":[5980,5979],"class_list":["post-143462","post","type-post","status-publish","format-standard","has-post-thumbnail","hentry","category-edictos","category-edictos-sucesorios","tag-amelia-gladys-garcia","tag-francisco-manuel-carballo"],"aioseo_notices":[],"gutentor_comment":0,"jetpack_featured_media_url":"https:\/\/eldiariodesanpedro.com.ar\/sitio\/wp-content\/uploads\/2022\/01\/EDICTO.jpg","jetpack_shortlink":"https:\/\/wp.me\/p6RhLt-BjU","jetpack_sharing_enabled":true,"_links":{"self":[{"href":"https:\/\/eldiariodesanpedro.com.ar\/sitio\/wp-json\/wp\/v2\/posts\/143462","targetHints":{"allow":["GET"]}}],"collection":[{"href":"https:\/\/eldiariodesanpedro.com.ar\/sitio\/wp-json\/wp\/v2\/posts"}],"about":[{"href":"https:\/\/eldiariodesanpedro.com.ar\/sitio\/wp-json\/wp\/v2\/types\/post"}],"author":[{"embeddable":true,"href":"https:\/\/eldiariodesanpedro.com.ar\/sitio\/wp-json\/wp\/v2\/users\/4"}],"replies":[{"embeddable":true,"href":"https:\/\/eldiariodesanpedro.com.ar\/sitio\/wp-json\/wp\/v2\/comments?post=143462"}],"version-history":[{"count":1,"href":"https:\/\/eldiariodesanpedro.com.ar\/sitio\/wp-json\/wp\/v2\/posts\/143462\/revisions"}],"predecessor-version":[{"id":143463,"href":"https:\/\/eldiariodesanpedro.com.ar\/sitio\/wp-json\/wp\/v2\/posts\/143462\/revisions\/143463"}],"wp:featuredmedia":[{"embeddable":true,"href":"https:\/\/eldiariodesanpedro.com.ar\/sitio\/wp-json\/wp\/v2\/media\/102746"}],"wp:attachment":[{"href":"https:\/\/eldiariodesanpedro.com.ar\/sitio\/wp-json\/wp\/v2\/media?parent=143462"}],"wp:term":[{"taxonomy":"category","embeddable":true,"href":"https:\/\/eldiariodesanpedro.com.ar\/sitio\/wp-json\/wp\/v2\/categories?post=143462"},{"taxonomy":"post_tag","embeddable":true,"href":"https:\/\/eldiariodesanpedro.com.ar\/sitio\/wp-json\/wp\/v2\/tags?post=143462"}],"curies":[{"name":"wp","href":"https:\/\/api.w.org\/{rel}","templated":true}]}}