{"id":143460,"date":"2025-09-10T09:59:30","date_gmt":"2025-09-10T12:59:30","guid":{"rendered":"https:\/\/eldiariodesanpedro.com.ar\/sitio\/?p=143460"},"modified":"2026-01-24T00:47:24","modified_gmt":"2026-01-24T03:47:24","slug":"fallecio-elias-ramon-ojeda-a-los-68-anos","status":"publish","type":"post","link":"https:\/\/eldiariodesanpedro.com.ar\/sitio\/fallecio-elias-ramon-ojeda-a-los-68-anos\/","title":{"rendered":"Falleci\u00f3 El\u00edas Ram\u00f3n Ojeda a los 68 a\u00f1os"},"content":{"rendered":"<!-- VideographyWP Plugin Message: Automatic video embedding prevented by plugin options. -->\n\n<p><strong>El\u00edas Ram\u00f3n Ojeda<\/strong>, de <strong>68 a\u00f1os<\/strong>, falleci\u00f3 recientemente. Sus restos son velados en la <strong>Sala N\u00b0 3 de COOPSER Servicios Sociales<\/strong>, ubicada en <strong>3 de Febrero 1475<\/strong>.<\/p>\n\n\n\n<p>El <strong>servicio velatorio<\/strong> se llevar\u00e1 a cabo con <strong>horario a definir<\/strong>, seg\u00fan lo informado por la empresa de servicios sociales.<\/p>\n\n\n\n<p>#Fallecimiento #Obituario #COOPSER #SanPedro<\/p>\n","protected":false},"excerpt":{"rendered":"<p>El\u00edas Ram\u00f3n Ojeda, de 68 a\u00f1os, falleci\u00f3 recientemente. Sus restos son velados en la Sala N\u00b0 3 de COOPSER Servicios Sociales, ubicada en 3 de Febrero 1475. El servicio velatorio se llevar\u00e1 a cabo con horario a definir, seg\u00fan lo informado por la empresa de servicios sociales. #Fallecimiento #Obituario #COOPSER #SanPedro<\/p>\n","protected":false},"author":4,"featured_media":113757,"comment_status":"closed","ping_status":"closed","sticky":false,"template":"","format":"standard","meta":{"om_disable_all_campaigns":false,"_jetpack_memberships_contains_paid_content":false,"footnotes":""},"categories":[8424],"tags":[5113,5977,5112,5322,5978],"class_list":["post-143460","post","type-post","status-publish","format-standard","has-post-thumbnail","hentry","category-necrologicas","tag-coopser-servicios-sociales","tag-fallecio-elias-ramon-ojeda","tag-obituario-san-pedro","tag-sala-velatoria-3-de-febrero-1475","tag-sepelio-san-pedro"],"aioseo_notices":[],"gutentor_comment":0,"jetpack_featured_media_url":"https:\/\/eldiariodesanpedro.com.ar\/sitio\/wp-content\/uploads\/2023\/01\/necrologicas.jpg","jetpack_shortlink":"https:\/\/wp.me\/p6RhLt-BjS","jetpack_sharing_enabled":true,"_links":{"self":[{"href":"https:\/\/eldiariodesanpedro.com.ar\/sitio\/wp-json\/wp\/v2\/posts\/143460","targetHints":{"allow":["GET"]}}],"collection":[{"href":"https:\/\/eldiariodesanpedro.com.ar\/sitio\/wp-json\/wp\/v2\/posts"}],"about":[{"href":"https:\/\/eldiariodesanpedro.com.ar\/sitio\/wp-json\/wp\/v2\/types\/post"}],"author":[{"embeddable":true,"href":"https:\/\/eldiariodesanpedro.com.ar\/sitio\/wp-json\/wp\/v2\/users\/4"}],"replies":[{"embeddable":true,"href":"https:\/\/eldiariodesanpedro.com.ar\/sitio\/wp-json\/wp\/v2\/comments?post=143460"}],"version-history":[{"count":1,"href":"https:\/\/eldiariodesanpedro.com.ar\/sitio\/wp-json\/wp\/v2\/posts\/143460\/revisions"}],"predecessor-version":[{"id":143461,"href":"https:\/\/eldiariodesanpedro.com.ar\/sitio\/wp-json\/wp\/v2\/posts\/143460\/revisions\/143461"}],"wp:featuredmedia":[{"embeddable":true,"href":"https:\/\/eldiariodesanpedro.com.ar\/sitio\/wp-json\/wp\/v2\/media\/113757"}],"wp:attachment":[{"href":"https:\/\/eldiariodesanpedro.com.ar\/sitio\/wp-json\/wp\/v2\/media?parent=143460"}],"wp:term":[{"taxonomy":"category","embeddable":true,"href":"https:\/\/eldiariodesanpedro.com.ar\/sitio\/wp-json\/wp\/v2\/categories?post=143460"},{"taxonomy":"post_tag","embeddable":true,"href":"https:\/\/eldiariodesanpedro.com.ar\/sitio\/wp-json\/wp\/v2\/tags?post=143460"}],"curies":[{"name":"wp","href":"https:\/\/api.w.org\/{rel}","templated":true}]}}