{"id":143456,"date":"2025-09-09T18:03:29","date_gmt":"2025-09-09T21:03:29","guid":{"rendered":"https:\/\/eldiariodesanpedro.com.ar\/sitio\/?p=143456"},"modified":"2025-09-09T18:03:33","modified_gmt":"2025-09-09T21:03:33","slug":"intendentes-a-prueba-en-la-segunda-seccion-electoral-triunfos-y-derrotas-en-las-legislativas","status":"publish","type":"post","link":"https:\/\/eldiariodesanpedro.com.ar\/sitio\/intendentes-a-prueba-en-la-segunda-seccion-electoral-triunfos-y-derrotas-en-las-legislativas\/","title":{"rendered":"Intendentes a prueba en la Segunda Secci\u00f3n Electoral: triunfos y derrotas en las legislativas"},"content":{"rendered":"<!-- VideographyWP Plugin Message: Automatic video embedding prevented by plugin options. -->\n\n<p><strong>En una elecci\u00f3n in\u00e9dita<\/strong>, separada por primera vez de los comicios nacionales, los intendentes de la <strong>Segunda Secci\u00f3n Electoral<\/strong> debieron asumir el protagonismo de la campa\u00f1a para renovar parcialmente sus <strong>consejos deliberantes<\/strong>. El resultado dej\u00f3 un mapa mixto: diez oficialismos lograron imponerse, mientras que cinco sufrieron <strong>fuertes reveses<\/strong> en sus distritos.<\/p>\n\n\n\n<p>El <strong>rev\u00e9s m\u00e1s resonante<\/strong> se registr\u00f3 en <strong>Z\u00e1rate<\/strong>, donde el intendente <strong>Marcelo Matzkin (La Libertad Avanza)<\/strong> qued\u00f3 segundo con 32,97%, por detr\u00e1s de <strong>Fuerza Patria<\/strong>, que obtuvo 39,83%. Algo similar ocurri\u00f3 en <strong>Pergamino<\/strong>, donde el jefe comunal <strong>Javier Mart\u00ednez<\/strong> tambi\u00e9n cay\u00f3 frente a <strong>Fuerza Patria<\/strong>, que se alz\u00f3 con 30,27% contra los 28,21% del oficialismo.<\/p>\n\n\n\n<p>En <strong>San Pedro<\/strong>, el intendente <strong>Cecilio Salazar<\/strong> no pudo sostener la adhesi\u00f3n de dos a\u00f1os atr\u00e1s: la lista libertaria se impuso con <strong>40,30%<\/strong>, superando ampliamente a <strong>Fuerza Patria<\/strong>, que apenas alcanz\u00f3 el 28,16%. En <strong>Baradero<\/strong>, el intendente <strong>Esteban Sanzio<\/strong> sufri\u00f3 una derrota inesperada frente a la agrupaci\u00f3n vecinal <strong>\u201cBaradero 400 a\u00f1os\u201d<\/strong>, que alcanz\u00f3 el 34,27% contra el 24,34% del oficialismo.<\/p>\n\n\n\n<p>Otro caso emblem\u00e1tico fue <strong>Arrecifes<\/strong>, donde el intendente <strong>Fernando Bouvier<\/strong>, alineado con La Libertad Avanza, cay\u00f3 frente a <strong>Fuerza Patria<\/strong>, que logr\u00f3 42,86%, casi 15 puntos por encima.<\/p>\n\n\n\n<p>En contrapartida, la <strong>mayor\u00eda de los oficialismos<\/strong> celebraron. La victoria m\u00e1s contundente fue en <strong>San Nicol\u00e1s<\/strong>, donde el espacio <strong>HECHOS<\/strong>, vinculado al intendente <strong>Santiago Passaglia<\/strong>, alcanz\u00f3 un <strong>50,55%<\/strong>, sacando m\u00e1s de 27 puntos de diferencia frente a Fuerza Patria (23,91%).<\/p>\n\n\n\n<p>Tambi\u00e9n lograron imponerse <strong>Rom\u00e1n Bouvier en Rojas (48,76%)<\/strong>, <strong>Miguel Gesualdi en San Andr\u00e9s de Giles (47,13%)<\/strong>, <strong>Ricardo Alessandro en Salto (45,69%)<\/strong>, <strong>Fernanda Astorino Hurtado en Capit\u00e1n Sarmiento (43,40%)<\/strong>, <strong>Diego Nanni en Exaltaci\u00f3n de la Cruz (42,23%)<\/strong>, <strong>Mauro Poletti en Ramallo (39,79%)<\/strong>, <strong>Iv\u00e1n Villagr\u00e1n en Carmen de Areco (39,30%)<\/strong>, <strong>Francisco Ratto en San Antonio de Areco (35,83%)<\/strong> y <strong>Waldemar Giordano en Col\u00f3n (32,77%)<\/strong>.<\/p>\n\n\n\n<p>La elecci\u00f3n dej\u00f3 en claro que, m\u00e1s all\u00e1 de algunas derrotas significativas, la <strong>regla en la Segunda Secci\u00f3n Electoral fue el respaldo a los oficialismos<\/strong>.<\/p>\n\n\n\n<p>#Elecciones2025 #SegundaSecci\u00f3nElectoral #Intendentes #ConcejosDeliberantes #ResultadosElectorales<\/p>\n","protected":false},"excerpt":{"rendered":"<p>En una elecci\u00f3n in\u00e9dita, separada por primera vez de los comicios nacionales, los intendentes de la Segunda Secci\u00f3n Electoral debieron asumir el protagonismo de la campa\u00f1a para renovar parcialmente sus consejos deliberantes. El resultado dej\u00f3 un mapa mixto: diez oficialismos lograron imponerse, mientras que cinco sufrieron fuertes reveses en sus distritos. El rev\u00e9s m\u00e1s resonante [&hellip;]<\/p>\n","protected":false},"author":4,"featured_media":143457,"comment_status":"closed","ping_status":"closed","sticky":false,"template":"","format":"standard","meta":{"om_disable_all_campaigns":false,"_jetpack_memberships_contains_paid_content":false,"footnotes":""},"categories":[50,101,2],"tags":[5089,5387,352,5973,5906,5976,5974,5975],"class_list":["post-143456","post","type-post","status-publish","format-standard","has-post-thumbnail","hentry","category-destacadas","category-interes-general-locales","category-locales","tag-elecciones-legislativas-2025","tag-fuerza-patria","tag-hechos","tag-intendentes-oficialismo","tag-la-libertad-avanza","tag-resultados-concejos-deliberantes","tag-segunda-seccion-electoral","tag-triunfos-y-derrotas"],"aioseo_notices":[],"gutentor_comment":0,"jetpack_featured_media_url":"https:\/\/eldiariodesanpedro.com.ar\/sitio\/wp-content\/uploads\/2025\/09\/MEDIDA-4.jpg","jetpack_shortlink":"https:\/\/wp.me\/p6RhLt-BjO","jetpack_sharing_enabled":true,"_links":{"self":[{"href":"https:\/\/eldiariodesanpedro.com.ar\/sitio\/wp-json\/wp\/v2\/posts\/143456","targetHints":{"allow":["GET"]}}],"collection":[{"href":"https:\/\/eldiariodesanpedro.com.ar\/sitio\/wp-json\/wp\/v2\/posts"}],"about":[{"href":"https:\/\/eldiariodesanpedro.com.ar\/sitio\/wp-json\/wp\/v2\/types\/post"}],"author":[{"embeddable":true,"href":"https:\/\/eldiariodesanpedro.com.ar\/sitio\/wp-json\/wp\/v2\/users\/4"}],"replies":[{"embeddable":true,"href":"https:\/\/eldiariodesanpedro.com.ar\/sitio\/wp-json\/wp\/v2\/comments?post=143456"}],"version-history":[{"count":1,"href":"https:\/\/eldiariodesanpedro.com.ar\/sitio\/wp-json\/wp\/v2\/posts\/143456\/revisions"}],"predecessor-version":[{"id":143458,"href":"https:\/\/eldiariodesanpedro.com.ar\/sitio\/wp-json\/wp\/v2\/posts\/143456\/revisions\/143458"}],"wp:featuredmedia":[{"embeddable":true,"href":"https:\/\/eldiariodesanpedro.com.ar\/sitio\/wp-json\/wp\/v2\/media\/143457"}],"wp:attachment":[{"href":"https:\/\/eldiariodesanpedro.com.ar\/sitio\/wp-json\/wp\/v2\/media?parent=143456"}],"wp:term":[{"taxonomy":"category","embeddable":true,"href":"https:\/\/eldiariodesanpedro.com.ar\/sitio\/wp-json\/wp\/v2\/categories?post=143456"},{"taxonomy":"post_tag","embeddable":true,"href":"https:\/\/eldiariodesanpedro.com.ar\/sitio\/wp-json\/wp\/v2\/tags?post=143456"}],"curies":[{"name":"wp","href":"https:\/\/api.w.org\/{rel}","templated":true}]}}