{"id":143453,"date":"2025-09-09T17:35:21","date_gmt":"2025-09-09T20:35:21","guid":{"rendered":"https:\/\/eldiariodesanpedro.com.ar\/sitio\/?p=143453"},"modified":"2025-09-09T17:35:28","modified_gmt":"2025-09-09T20:35:28","slug":"victoria-villarruel-se-reunio-con-veteranos-de-malvinas-tras-la-proclamacion-de-la-basilica-menor","status":"publish","type":"post","link":"https:\/\/eldiariodesanpedro.com.ar\/sitio\/victoria-villarruel-se-reunio-con-veteranos-de-malvinas-tras-la-proclamacion-de-la-basilica-menor\/","title":{"rendered":"Victoria Villarruel se reuni\u00f3 con Veteranos de Malvinas tras la proclamaci\u00f3n de la bas\u00edlica menor"},"content":{"rendered":"<!-- VideographyWP Plugin Message: Automatic video embedding prevented by plugin options. -->\n\n<p>La vicepresidenta Victoria Villarruel comparti\u00f3 un emotivo encuentro con excombatientes de Malvinas, donde se abordaron vivencias y secuelas de la guerra.<\/p>\n\n\n\n<p>La <strong>vicepresidenta Victoria Villarruel<\/strong> mantuvo un <strong>encuentro con Veteranos de la Guerra de Malvinas<\/strong> en la casa parroquial, luego de participar en la <strong>ceremonia de elevaci\u00f3n del templo Nuestra Se\u00f1ora del Socorro a bas\u00edlica menor<\/strong>.<\/p>\n\n\n\n<p>Seg\u00fan relataron los excombatientes, la reuni\u00f3n fue un espacio \u00edntimo para <strong>compartir experiencias de la guerra<\/strong> y reflexionar sobre su situaci\u00f3n actual.<\/p>\n\n\n\n<p><strong>V\u00edctor Hugo R\u00edos<\/strong>, uno de los veteranos presentes, calific\u00f3 el encuentro como una <strong>\u201csorpresa\u201d<\/strong>, ya que no sab\u00edan de la presencia de Villarruel en el lugar. \u201cHablamos de lo que vivimos, de lo que nos pasa, de los dolores que tenemos como secuela de la guerra, f\u00edsicos y psicol\u00f3gicos\u201d, afirm\u00f3, aclarando que la intenci\u00f3n no fue hablar de pol\u00edtica partidaria, sino de vivencias.<\/p>\n\n\n\n<p>Por su parte, <strong>Javier Saucedo<\/strong>, presidente de la Asociaci\u00f3n de Veteranos de Malvinas, destac\u00f3 que la vicepresidenta <strong>\u201ctiene muy presente la causa de Malvinas\u201d<\/strong>. Record\u00f3 que su padre, <strong>Eduardo Villarruel<\/strong>, fue segundo jefe de la Compa\u00f1\u00eda de Comandos 602, donde tambi\u00e9n sirvi\u00f3 el sampedrino <strong>Mateo Sbert<\/strong>, ca\u00eddo en el combate de <strong>Top Malo House<\/strong>.<\/p>\n\n\n\n<p>Saucedo agreg\u00f3 que Villarruel se mostr\u00f3 interesada en las historias de los excombatientes y revel\u00f3 que en la charla surgi\u00f3 la an\u00e9cdota de <strong>Domingo Novaro<\/strong>, quien lleg\u00f3 a dormir en la halconera de una base a\u00e9rea junto a su padre.<\/p>\n\n\n\n<p>Durante su visita, los veteranos tambi\u00e9n acompa\u00f1aron a los <strong>Granaderos a Caballo<\/strong>, que escoltaron la imagen de la Virgen del Socorro en la procesi\u00f3n religiosa.<\/p>\n\n\n\n<p>#VictoriaVillarruel #VeteranosDeMalvinas #CausaMalvinas #Bas\u00edlicaMenor #SanPedro #MalvinasArgentinas<\/p>\n","protected":false},"excerpt":{"rendered":"<p>La vicepresidenta Victoria Villarruel comparti\u00f3 un emotivo encuentro con excombatientes de Malvinas, donde se abordaron vivencias y secuelas de la guerra. La vicepresidenta Victoria Villarruel mantuvo un encuentro con Veteranos de la Guerra de Malvinas en la casa parroquial, luego de participar en la ceremonia de elevaci\u00f3n del templo Nuestra Se\u00f1ora del Socorro a bas\u00edlica [&hellip;]<\/p>\n","protected":false},"author":4,"featured_media":143454,"comment_status":"closed","ping_status":"closed","sticky":false,"template":"","format":"standard","meta":{"om_disable_all_campaigns":false,"_jetpack_memberships_contains_paid_content":false,"footnotes":""},"categories":[50,2,103],"tags":[5970,5968,5971,5969,5972,5967,5928],"class_list":["post-143453","post","type-post","status-publish","format-standard","has-post-thumbnail","hentry","category-destacadas","category-locales","category-policiales-locales","tag-causa-malvinas","tag-encuentro-con-excombatientes","tag-granaderos-a-caballo","tag-nuestra-senora-del-socorro-basilica-menor","tag-san-pedro-argentina","tag-veteranos-de-malvinas-2","tag-victoria-villarruel"],"aioseo_notices":[],"gutentor_comment":0,"jetpack_featured_media_url":"https:\/\/eldiariodesanpedro.com.ar\/sitio\/wp-content\/uploads\/2025\/09\/Victoria-Villarruel-con-veterano-.jpg","jetpack_shortlink":"https:\/\/wp.me\/p6RhLt-BjL","jetpack_sharing_enabled":true,"_links":{"self":[{"href":"https:\/\/eldiariodesanpedro.com.ar\/sitio\/wp-json\/wp\/v2\/posts\/143453","targetHints":{"allow":["GET"]}}],"collection":[{"href":"https:\/\/eldiariodesanpedro.com.ar\/sitio\/wp-json\/wp\/v2\/posts"}],"about":[{"href":"https:\/\/eldiariodesanpedro.com.ar\/sitio\/wp-json\/wp\/v2\/types\/post"}],"author":[{"embeddable":true,"href":"https:\/\/eldiariodesanpedro.com.ar\/sitio\/wp-json\/wp\/v2\/users\/4"}],"replies":[{"embeddable":true,"href":"https:\/\/eldiariodesanpedro.com.ar\/sitio\/wp-json\/wp\/v2\/comments?post=143453"}],"version-history":[{"count":1,"href":"https:\/\/eldiariodesanpedro.com.ar\/sitio\/wp-json\/wp\/v2\/posts\/143453\/revisions"}],"predecessor-version":[{"id":143455,"href":"https:\/\/eldiariodesanpedro.com.ar\/sitio\/wp-json\/wp\/v2\/posts\/143453\/revisions\/143455"}],"wp:featuredmedia":[{"embeddable":true,"href":"https:\/\/eldiariodesanpedro.com.ar\/sitio\/wp-json\/wp\/v2\/media\/143454"}],"wp:attachment":[{"href":"https:\/\/eldiariodesanpedro.com.ar\/sitio\/wp-json\/wp\/v2\/media?parent=143453"}],"wp:term":[{"taxonomy":"category","embeddable":true,"href":"https:\/\/eldiariodesanpedro.com.ar\/sitio\/wp-json\/wp\/v2\/categories?post=143453"},{"taxonomy":"post_tag","embeddable":true,"href":"https:\/\/eldiariodesanpedro.com.ar\/sitio\/wp-json\/wp\/v2\/tags?post=143453"}],"curies":[{"name":"wp","href":"https:\/\/api.w.org\/{rel}","templated":true}]}}