{"id":14345,"date":"2017-02-08T20:49:40","date_gmt":"2017-02-08T23:49:40","guid":{"rendered":"https:\/\/eldiariodesanpedro.com.ar\/sitio\/?p=14345"},"modified":"2026-01-23T23:14:34","modified_gmt":"2026-01-24T02:14:34","slug":"monotributo-el-gobierno-oficializo-la-recategoriciacion-de-oficio","status":"publish","type":"post","link":"https:\/\/eldiariodesanpedro.com.ar\/sitio\/monotributo-el-gobierno-oficializo-la-recategoriciacion-de-oficio\/","title":{"rendered":"MONOTRIBUTO:  El Gobierno oficializ\u00f3 la \u00abrecategoriciaci\u00f3n de oficio\u00bb"},"content":{"rendered":"<p><!-- VideographyWP Plugin Message: Automatic video embedding prevented by plugin options. --><br \/>\n(NA) &#8211; El Gobierno oficializ\u00f3 la \u00abrecategorizaci\u00f3n de oficio\u00bb para contribuyentes del monotributo que hayan realizado gastos por un valor superior al l\u00edmite anual para la categor\u00eda en la cual est\u00e1n encuadrados.<\/p>\n<p>   La decisi\u00f3n qued\u00f3 establecida a partir de una Resoluci\u00f3n General de la AFIP, publicada en el Bolet\u00edn Oficial.<\/p>\n<p>   El ente recaudador aclar\u00f3 que la recategorizaci\u00f3n de oficio del peque\u00f1o contribuyente \u00abproceder\u00e1 cuando este organismo constate que el referido sujeto ha adquirido bienes, realizado gastos de \u00edndole personal o posee acreditaciones bancarias, por un valor que supere el importe de los ingresos brutos anuales m\u00e1ximos admitidos para la categor\u00eda en la cual est\u00e1 encuadrado\u00bb.<\/p>\n<p>   \u00abEn tales supuestos, la nueva categor\u00eda a asignar ser\u00e1 la que corresponda al importe de ingresos anuales resultante de la sumatoria entre el monto de los bienes adquiridos y los gastos de \u00edndole personal realizados, o de las acreditaciones bancarias detectadas m\u00e1s 20% \u00f3 30% de dicho valor, seg\u00fan se trate la actividad del peque\u00f1o contribuyente de locaci\u00f3n y\/o prestaci\u00f3n de servicios o de venta de cosas muebles, respectivamente\u00bb, puntualiz\u00f3 el texto oficial.<\/p>\n<p>   Por otra parte, la AFIP dispuso que los contribuyentes  encuadrados en las Categor\u00edas F y G del Monotributo, \u00abdeber\u00e1n emitir sus comprobantes originales en forma electr\u00f3nica, a los fines de respaldar sus operaciones en el mercado interno\u00bb.<\/p>\n<p>   \u00abLo dispuesto precedentemente resultar\u00e1 de aplicaci\u00f3n para las solicitudes de autorizaci\u00f3n de emisi\u00f3n de comprobantes electr\u00f3nicos que se efect\u00faen a partir del 1 de junio de 2017, inclusive\u00bb, a\u00f1adi\u00f3.<\/p>\n<p>   Adem\u00e1s, el organismo estableci\u00f3 que a efectos de realizar la adhesi\u00f3n al R\u00e9gimen Simplificado para Peque\u00f1os Contribuyentes, los sujetos \u00abdeber\u00e1n previamente constituir y mantener actualizado ante esta Administraci\u00f3n Federal el domicilio fiscal electr\u00f3nico\u00bb.<\/p>\n<p>   Tambi\u00e9n, indic\u00f3 que \u00aba efectos de facilitar la permanencia y el correcto encuadramiento en el R\u00e9gimen Simplificado, se implementar\u00e1 el procedimiento denominado \u00b4Mi Categor\u00eda\u00b4\u00bb, el cual contemplar\u00e1, entre otros, los siguientes aspectos:<\/p>\n<p>   &#8212; A la finalizaci\u00f3n de cada cuatrimestre calendario (enero\/abril, mayo\/ agosto y septiembre\/diciembre), este Organismo pondr\u00e1 a disposici\u00f3n del peque\u00f1o contribuyente la informaci\u00f3n que posee sobre su situaci\u00f3n tributaria, a trav\u00e9s del sitio \u00abweb\u00bb institucional y mediante la remisi\u00f3n de alertas al \u00abDomicilio Fiscal Electr\u00f3nico\u00bb.<\/p>\n<p>   &#8212; La recategorizaci\u00f3n cuatrimestral correspondiente al per\u00edodo mayo\/agosto de cada a\u00f1o resultar\u00e1 obligatoria a\u00fan cuando el peque\u00f1o contribuyente deba permanecer encuadrado en la misma categor\u00eda, en cuyo caso dicha recategorizaci\u00f3n implicar\u00e1 una confirmaci\u00f3n de los datos declarados a los fines de su categorizaci\u00f3n.<\/p>\n<p>   &#8212; No deber\u00e1n cumplir dicha obligaci\u00f3n los peque\u00f1os contribuyentes inscriptos en el Registro Nacional de Efectores de Desarrollo Local y Econom\u00eda Social del Ministerio de Desarrollo Social y los asociados a cooperativas de trabajo.<\/p>\n<p>   Por \u00faltimo, la AFIP advirti\u00f3 que \u00abla falta de cumplimiento de alguna de las obligaciones con relaci\u00f3n a las modalidades de pago, a la emisi\u00f3n de comprobantes en forma electr\u00f3nica, al domicilio fiscal electr\u00f3nico y a la recategorizaci\u00f3n obligatoria, producir\u00e1 la suspensi\u00f3n temporal de la visualizaci\u00f3n de la \u00b4Constancia de Opci\u00f3n Monotributo\u00b4, hasta tanto el peque\u00f1o contribuyente regularice su situaci\u00f3n\u00bb.<\/p>\n","protected":false},"excerpt":{"rendered":"<p>(NA) &#8211; El Gobierno oficializ\u00f3 la \u00abrecategorizaci\u00f3n de oficio\u00bb para contribuyentes del monotributo que hayan realizado gastos por un valor superior al l\u00edmite anual para la categor\u00eda en la cual est\u00e1n encuadrados. La decisi\u00f3n qued\u00f3 establecida a partir de una Resoluci\u00f3n General de la AFIP, publicada en el Bolet\u00edn Oficial. El ente recaudador aclar\u00f3 que [&hellip;]<\/p>\n","protected":false},"author":4,"featured_media":14346,"comment_status":"open","ping_status":"closed","sticky":false,"template":"","format":"standard","meta":{"om_disable_all_campaigns":false,"_jetpack_memberships_contains_paid_content":false,"footnotes":""},"categories":[3],"tags":[],"class_list":["post-14345","post","type-post","status-publish","format-standard","has-post-thumbnail","hentry","category-nacionales"],"aioseo_notices":[],"gutentor_comment":0,"jetpack_featured_media_url":"https:\/\/eldiariodesanpedro.com.ar\/sitio\/wp-content\/uploads\/2017\/02\/monotributo.jpg","jetpack_shortlink":"https:\/\/wp.me\/p6RhLt-3Jn","jetpack_sharing_enabled":true,"_links":{"self":[{"href":"https:\/\/eldiariodesanpedro.com.ar\/sitio\/wp-json\/wp\/v2\/posts\/14345","targetHints":{"allow":["GET"]}}],"collection":[{"href":"https:\/\/eldiariodesanpedro.com.ar\/sitio\/wp-json\/wp\/v2\/posts"}],"about":[{"href":"https:\/\/eldiariodesanpedro.com.ar\/sitio\/wp-json\/wp\/v2\/types\/post"}],"author":[{"embeddable":true,"href":"https:\/\/eldiariodesanpedro.com.ar\/sitio\/wp-json\/wp\/v2\/users\/4"}],"replies":[{"embeddable":true,"href":"https:\/\/eldiariodesanpedro.com.ar\/sitio\/wp-json\/wp\/v2\/comments?post=14345"}],"version-history":[{"count":1,"href":"https:\/\/eldiariodesanpedro.com.ar\/sitio\/wp-json\/wp\/v2\/posts\/14345\/revisions"}],"predecessor-version":[{"id":14347,"href":"https:\/\/eldiariodesanpedro.com.ar\/sitio\/wp-json\/wp\/v2\/posts\/14345\/revisions\/14347"}],"wp:featuredmedia":[{"embeddable":true,"href":"https:\/\/eldiariodesanpedro.com.ar\/sitio\/wp-json\/wp\/v2\/media\/14346"}],"wp:attachment":[{"href":"https:\/\/eldiariodesanpedro.com.ar\/sitio\/wp-json\/wp\/v2\/media?parent=14345"}],"wp:term":[{"taxonomy":"category","embeddable":true,"href":"https:\/\/eldiariodesanpedro.com.ar\/sitio\/wp-json\/wp\/v2\/categories?post=14345"},{"taxonomy":"post_tag","embeddable":true,"href":"https:\/\/eldiariodesanpedro.com.ar\/sitio\/wp-json\/wp\/v2\/tags?post=14345"}],"curies":[{"name":"wp","href":"https:\/\/api.w.org\/{rel}","templated":true}]}}