{"id":143444,"date":"2025-09-09T16:42:07","date_gmt":"2025-09-09T19:42:07","guid":{"rendered":"https:\/\/eldiariodesanpedro.com.ar\/sitio\/?p=143444"},"modified":"2025-09-09T16:42:12","modified_gmt":"2025-09-09T19:42:12","slug":"masculino-aprehendido-por-robo-agravado-en-la-casa-de-sepelios-de-coopser","status":"publish","type":"post","link":"https:\/\/eldiariodesanpedro.com.ar\/sitio\/masculino-aprehendido-por-robo-agravado-en-la-casa-de-sepelios-de-coopser\/","title":{"rendered":"Masculino aprehendido por robo agravado en la casa de sepelios de COOPSER"},"content":{"rendered":"<!-- VideographyWP Plugin Message: Automatic video embedding prevented by plugin options. -->\n\n<p>Un hombre de 30 a\u00f1os con frondosos antecedentes fue aprehendido tras robar una motocicleta, gracias a las c\u00e1maras de seguridad que lo registraron.<\/p>\n\n\n\n<p>En la noche del lunes, <strong>personal policial de la EPC<\/strong> logr\u00f3 la <strong>aprehensi\u00f3n de un hombre de 30 a\u00f1os con frondosos antecedentes penales<\/strong>. El procedimiento tuvo lugar en la intersecci\u00f3n de <strong>Sarmiento y Rafael Obligado<\/strong>, durante una recorrida de prevenci\u00f3n.<\/p>\n\n\n\n<p>El sujeto circulaba en una <strong>motocicleta tipo 110 cc<\/strong>, la cual hab\u00eda sido <strong>sustra\u00edda horas antes en la cocher\u00eda Coopser<\/strong>. El hecho qued\u00f3 registrado por las <strong>c\u00e1maras de seguridad del lugar<\/strong>, que ser\u00e1n sometidas a pericias para la investigaci\u00f3n.<\/p>\n\n\n\n<p>El aprehendido fue <strong>trasladado a la dependencia policial<\/strong> e imputado por el delito de <strong>robo agravado<\/strong>, quedando <strong>a disposici\u00f3n de la Justicia<\/strong>.<\/p>\n\n\n\n<p>RoboAgravado #Policiales #Inseguridad #Aprehensi\u00f3n #SanPedro<\/p>\n\n\n\n<p><\/p>\n","protected":false},"excerpt":{"rendered":"<p>Un hombre de 30 a\u00f1os con frondosos antecedentes fue aprehendido tras robar una motocicleta, gracias a las c\u00e1maras de seguridad que lo registraron. En la noche del lunes, personal policial de la EPC logr\u00f3 la aprehensi\u00f3n de un hombre de 30 a\u00f1os con frondosos antecedentes penales. El procedimiento tuvo lugar en la intersecci\u00f3n de Sarmiento [&hellip;]<\/p>\n","protected":false},"author":4,"featured_media":143445,"comment_status":"closed","ping_status":"closed","sticky":false,"template":"","format":"standard","meta":{"om_disable_all_campaigns":false,"_jetpack_memberships_contains_paid_content":false,"footnotes":""},"categories":[50,2,103],"tags":[5953,5952,3972,1046,5859,5399,5676],"class_list":["post-143444","post","type-post","status-publish","format-standard","has-post-thumbnail","hentry","category-destacadas","category-locales","category-policiales-locales","tag-antecedentes-penales","tag-aprehension-masculino","tag-camaras-de-seguridad","tag-coopser","tag-epc-san-pedro","tag-motocicleta-robada","tag-robo-agravado"],"aioseo_notices":[],"gutentor_comment":0,"jetpack_featured_media_url":"https:\/\/eldiariodesanpedro.com.ar\/sitio\/wp-content\/uploads\/2025\/09\/MEDIDA-1.jpg","jetpack_shortlink":"https:\/\/wp.me\/p6RhLt-BjC","jetpack_sharing_enabled":true,"_links":{"self":[{"href":"https:\/\/eldiariodesanpedro.com.ar\/sitio\/wp-json\/wp\/v2\/posts\/143444","targetHints":{"allow":["GET"]}}],"collection":[{"href":"https:\/\/eldiariodesanpedro.com.ar\/sitio\/wp-json\/wp\/v2\/posts"}],"about":[{"href":"https:\/\/eldiariodesanpedro.com.ar\/sitio\/wp-json\/wp\/v2\/types\/post"}],"author":[{"embeddable":true,"href":"https:\/\/eldiariodesanpedro.com.ar\/sitio\/wp-json\/wp\/v2\/users\/4"}],"replies":[{"embeddable":true,"href":"https:\/\/eldiariodesanpedro.com.ar\/sitio\/wp-json\/wp\/v2\/comments?post=143444"}],"version-history":[{"count":1,"href":"https:\/\/eldiariodesanpedro.com.ar\/sitio\/wp-json\/wp\/v2\/posts\/143444\/revisions"}],"predecessor-version":[{"id":143446,"href":"https:\/\/eldiariodesanpedro.com.ar\/sitio\/wp-json\/wp\/v2\/posts\/143444\/revisions\/143446"}],"wp:featuredmedia":[{"embeddable":true,"href":"https:\/\/eldiariodesanpedro.com.ar\/sitio\/wp-json\/wp\/v2\/media\/143445"}],"wp:attachment":[{"href":"https:\/\/eldiariodesanpedro.com.ar\/sitio\/wp-json\/wp\/v2\/media?parent=143444"}],"wp:term":[{"taxonomy":"category","embeddable":true,"href":"https:\/\/eldiariodesanpedro.com.ar\/sitio\/wp-json\/wp\/v2\/categories?post=143444"},{"taxonomy":"post_tag","embeddable":true,"href":"https:\/\/eldiariodesanpedro.com.ar\/sitio\/wp-json\/wp\/v2\/tags?post=143444"}],"curies":[{"name":"wp","href":"https:\/\/api.w.org\/{rel}","templated":true}]}}