{"id":143414,"date":"2025-09-09T10:22:11","date_gmt":"2025-09-09T13:22:11","guid":{"rendered":"https:\/\/eldiariodesanpedro.com.ar\/sitio\/?p=143414"},"modified":"2025-09-09T10:23:15","modified_gmt":"2025-09-09T13:23:15","slug":"edicto-de-transferencia-de-razon-social-de-sierras-materiales","status":"publish","type":"post","link":"https:\/\/eldiariodesanpedro.com.ar\/sitio\/edicto-de-transferencia-de-razon-social-de-sierras-materiales\/","title":{"rendered":"Edicto de transferencia de Razon Social de Sierras Materiales"},"content":{"rendered":"<!-- VideographyWP Plugin Message: Automatic video embedding prevented by plugin options. -->\n\n<p>Se hace saber que se encuentra en tr\u00e1mite la transferencia de habilitaci\u00f3n comercial municipal del comercio sito en Araoz 1401 de Baradero de parte del Sra. Laura Susana Viera, (DNI N\u00b0 14446761) a favor de Mara Patricia Gasparetto (DNI N\u00ba 32269490) y respecto del denominado \u00abSierras Materiales\u00bb. EL presente se publica por 3 d\u00edas. Ley 11867.<\/p>\n\n\n\n<p>(Publicaci\u00f3n v\u00e1lida para el d\u00eda 09,10 y 11 de septiembre de 2025)&nbsp;<\/p>\n","protected":false},"excerpt":{"rendered":"<p>Se hace saber que se encuentra en tr\u00e1mite la transferencia de habilitaci\u00f3n comercial municipal del comercio sito en Araoz 1401 de Baradero de parte del Sra. Laura Susana Viera, (DNI N\u00b0 14446761) a favor de Mara Patricia Gasparetto (DNI N\u00ba 32269490) y respecto del denominado \u00abSierras Materiales\u00bb. EL presente se publica por 3 d\u00edas. Ley [&hellip;]<\/p>\n","protected":false},"author":4,"featured_media":102746,"comment_status":"closed","ping_status":"closed","sticky":false,"template":"","format":"standard","meta":{"om_disable_all_campaigns":false,"_jetpack_memberships_contains_paid_content":false,"footnotes":""},"categories":[676,1124],"tags":[],"class_list":["post-143414","post","type-post","status-publish","format-standard","has-post-thumbnail","hentry","category-edictos","category-edictos-especiales"],"aioseo_notices":[],"gutentor_comment":0,"jetpack_featured_media_url":"https:\/\/eldiariodesanpedro.com.ar\/sitio\/wp-content\/uploads\/2022\/01\/EDICTO.jpg","jetpack_shortlink":"https:\/\/wp.me\/p6RhLt-Bj8","jetpack_sharing_enabled":true,"_links":{"self":[{"href":"https:\/\/eldiariodesanpedro.com.ar\/sitio\/wp-json\/wp\/v2\/posts\/143414","targetHints":{"allow":["GET"]}}],"collection":[{"href":"https:\/\/eldiariodesanpedro.com.ar\/sitio\/wp-json\/wp\/v2\/posts"}],"about":[{"href":"https:\/\/eldiariodesanpedro.com.ar\/sitio\/wp-json\/wp\/v2\/types\/post"}],"author":[{"embeddable":true,"href":"https:\/\/eldiariodesanpedro.com.ar\/sitio\/wp-json\/wp\/v2\/users\/4"}],"replies":[{"embeddable":true,"href":"https:\/\/eldiariodesanpedro.com.ar\/sitio\/wp-json\/wp\/v2\/comments?post=143414"}],"version-history":[{"count":2,"href":"https:\/\/eldiariodesanpedro.com.ar\/sitio\/wp-json\/wp\/v2\/posts\/143414\/revisions"}],"predecessor-version":[{"id":143416,"href":"https:\/\/eldiariodesanpedro.com.ar\/sitio\/wp-json\/wp\/v2\/posts\/143414\/revisions\/143416"}],"wp:featuredmedia":[{"embeddable":true,"href":"https:\/\/eldiariodesanpedro.com.ar\/sitio\/wp-json\/wp\/v2\/media\/102746"}],"wp:attachment":[{"href":"https:\/\/eldiariodesanpedro.com.ar\/sitio\/wp-json\/wp\/v2\/media?parent=143414"}],"wp:term":[{"taxonomy":"category","embeddable":true,"href":"https:\/\/eldiariodesanpedro.com.ar\/sitio\/wp-json\/wp\/v2\/categories?post=143414"},{"taxonomy":"post_tag","embeddable":true,"href":"https:\/\/eldiariodesanpedro.com.ar\/sitio\/wp-json\/wp\/v2\/tags?post=143414"}],"curies":[{"name":"wp","href":"https:\/\/api.w.org\/{rel}","templated":true}]}}